{"id":4589,"date":"2022-12-23T10:02:07","date_gmt":"2022-12-23T10:02:07","guid":{"rendered":"https:\/\/areabadalona.com\/diario\/?p=4589"},"modified":"2022-12-23T10:02:08","modified_gmt":"2022-12-23T10:02:08","slug":"el-29-de-desembre-es-posa-en-marxa-el-bus-de-nadal-per-connectar-la-fabrica-de-joguines-dels-turnemis-la-fira-de-nadal-al-gorg-i-el-campament-reial","status":"publish","type":"post","link":"https:\/\/areabadalona.com\/diario\/2022\/12\/23\/el-29-de-desembre-es-posa-en-marxa-el-bus-de-nadal-per-connectar-la-fabrica-de-joguines-dels-turnemis-la-fira-de-nadal-al-gorg-i-el-campament-reial\/","title":{"rendered":"El 29 de desembre es posa en marxa el Bus de Nadal per connectar La F\u00e0brica de Joguines dels Turnemis, la Fira de Nadal al Gorg i el Campament Reial\u00a0"},"content":{"rendered":"\n<p>El pr\u00f2xim dijous 29 de desembre comen\u00e7ar\u00e0 a circular pels carrers de Badalona el Bus de Nadal, un servei gratu\u00eft que connectar\u00e0 La F\u00e0brica de Joguines del Turnemis, la Fira de Nadal al Gorg i el Campament Reial. El Bus de Nadal funcionar\u00e0 els dies 29 i 30 de desembre de 2022 i 2, 3 i 4 de gener de 2023, de 16.30 a 21.30 hores, amb un interval de pas de 40 minuts.&nbsp;<\/p>\n\n\n\n<p>Aquest autob\u00fas t\u00e9 com a objectiu facilitar l\u2019acc\u00e9s dels usuaris a algunes de les activitats programades en el marc de les Festes de Nadal a Badalona que concentraran una gran quantitat de p\u00fablic. El Bus de Nadal tindr\u00e0 parada a la F\u00e0brica de Joguines del Turnemis a l\u2019antic Escorxador, a la Fira de Nadal al Gorg, a la pla\u00e7a de Pompeu Fabra i al Campament Reial dels Reis d\u2019Orient al parc de Can Solei i de Ca l\u2019Arn\u00fas. &nbsp;<\/p>\n\n\n\n<p>Els usuaris podran identificar f\u00e0cilment el Bus de Nadal ja que el vehicle estar\u00e0 vinilat de forma especial, seguint la l\u00ednia gr\u00e0fica de la campanya de Nadal dissenyada per l\u2019Ajuntament de Badalona per fer difusi\u00f3 del programa d\u2019activitats nadalenques.&nbsp;<\/p>\n","protected":false},"excerpt":{"rendered":"<p>El pr\u00f2xim dijous 29 de desembre comen\u00e7ar\u00e0 a circular pels carrers de Badalona el Bus de Nadal, un servei gratu\u00eft que connectar\u00e0 La F\u00e0brica de Joguines del Turnemis, la Fira de Nadal al Gorg i el Campament Reial. El Bus de Nadal funcionar\u00e0 els dies 29 i 30 de desembre de 2022 i 2, 3 [&hellip;]<\/p>\n","protected":false},"author":2,"featured_media":4590,"comment_status":"open","ping_status":"open","sticky":false,"template":"","format":"standard","meta":{"footnotes":""},"categories":[23],"tags":[],"class_list":{"0":"post-4589","1":"post","2":"type-post","3":"status-publish","4":"format-standard","5":"has-post-thumbnail","7":"category-actualitat"},"_links":{"self":[{"href":"https:\/\/areabadalona.com\/diario\/wp-json\/wp\/v2\/posts\/4589","targetHints":{"allow":["GET"]}}],"collection":[{"href":"https:\/\/areabadalona.com\/diario\/wp-json\/wp\/v2\/posts"}],"about":[{"href":"https:\/\/areabadalona.com\/diario\/wp-json\/wp\/v2\/types\/post"}],"author":[{"embeddable":true,"href":"https:\/\/areabadalona.com\/diario\/wp-json\/wp\/v2\/users\/2"}],"replies":[{"embeddable":true,"href":"https:\/\/areabadalona.com\/diario\/wp-json\/wp\/v2\/comments?post=4589"}],"version-history":[{"count":1,"href":"https:\/\/areabadalona.com\/diario\/wp-json\/wp\/v2\/posts\/4589\/revisions"}],"predecessor-version":[{"id":4591,"href":"https:\/\/areabadalona.com\/diario\/wp-json\/wp\/v2\/posts\/4589\/revisions\/4591"}],"wp:featuredmedia":[{"embeddable":true,"href":"https:\/\/areabadalona.com\/diario\/wp-json\/wp\/v2\/media\/4590"}],"wp:attachment":[{"href":"https:\/\/areabadalona.com\/diario\/wp-json\/wp\/v2\/media?parent=4589"}],"wp:term":[{"taxonomy":"category","embeddable":true,"href":"https:\/\/areabadalona.com\/diario\/wp-json\/wp\/v2\/categories?post=4589"},{"taxonomy":"post_tag","embeddable":true,"href":"https:\/\/areabadalona.com\/diario\/wp-json\/wp\/v2\/tags?post=4589"}],"curies":[{"name":"wp","href":"https:\/\/api.w.org\/{rel}","templated":true}]}}