{"id":4586,"date":"2022-12-22T11:24:55","date_gmt":"2022-12-22T11:24:55","guid":{"rendered":"https:\/\/areabadalona.com\/diario\/?p=4586"},"modified":"2022-12-22T11:24:55","modified_gmt":"2022-12-22T11:24:55","slug":"badalona-habilitara-dos-punts-liles-durant-les-festes-de-nadal","status":"publish","type":"post","link":"https:\/\/areabadalona.com\/diario\/2022\/12\/22\/badalona-habilitara-dos-punts-liles-durant-les-festes-de-nadal\/","title":{"rendered":"Badalona habilitar\u00e0 dos Punts Liles durant les festes de Nadal\u00a0"},"content":{"rendered":"\n<p>L&#8217;Ajuntament de Badalona instal\u00b7lar\u00e0 dos Punts Liles durant el per\u00edode de Nadal per garantir unes festes nadalenques lliures de viol\u00e8ncies masclistes i LGTBIQ+f\u00f2biques. L&#8217;objectiu principal del servei \u00e9s informar, sensibilitzar, prevenir i actuar davant les actituds masclistes i LGTBIQ+f\u00f2biques que es produeixen als espais p\u00fablics, d&#8217;oci i festius. Tamb\u00e9 s\u2019ofereix atenci\u00f3 en un espai i ambient segur davant agressions que es poden donar durant les nits festives.&nbsp;<\/p>\n\n\n\n<p>Els dos punts s&#8217;instal\u00b7laran les nits del 24 i 31 de desembre a la zona d&#8217;oci nocturn de la ciutat, on tamb\u00e9 s&#8217;ha planificat un operatiu policial amb Gu\u00e0rdia Urbana i Mossos d&#8217;Esquadra per garantir la seguretat. A m\u00e9s, l&#8217;entitat gestora dels Punts Liles coneix els protocols a seguir en cas d&#8217;una agressi\u00f3 masclista o LGTBIQ+f\u00f2bica, tant per atendre a les possibles v\u00edctimes, com per a coordinar-se amb els cossos policials. &nbsp;<\/p>\n\n\n\n<p>Els Punts Liles estaran instal\u00b7lats en les seg\u00fcents ubicacions: &nbsp;<\/p>\n\n\n\n<p><strong>Dissabte 24 de desembre, nit de Nadal&nbsp;<\/strong><\/p>\n\n\n\n<p>Servei de Punt Lila actiu des de les 0.30 fins a les 7.30 hores. Estar\u00e0 ubicat al carrer Pomar de Baix amb carrer Orient.&nbsp;<\/p>\n\n\n\n<p><strong>Dissabte 31 de desembre, nit de Cap d\u2019Any&nbsp;<\/strong><\/p>\n\n\n\n<p>Servei del Punt Lila actiu des de la 1 fins a les 8 hores. Estar\u00e0 ubicat al carrer Pomar de Baix amb carrer Orient.<strong>&nbsp;<\/strong><\/p>\n\n\n\n<p>Amb la instal\u00b7laci\u00f3 dels Punts Liles d\u2019aquest Nadal, l&#8217;Ajuntament de Badalona haur\u00e0 habilitat durant l\u2019any 2022 catorze dispositius en els diferents esdeveniments i festes nocturnes que s\u2019han celebrat a la ciutat. Concretament, se&#8217;n van habilitar quatre per a les Festes de Maig; un durant el Festival de M\u00fasica Gran Sol; un per al concert de celebraci\u00f3 dels 50 anys d&#8217;una entitat juvenil; 3 durant la Nit de Sant Joan; un amb motiu del Dia de l&#8217;Orgull; dos durant la Festa Major d\u2019Agost; i els dos que s&#8217;instal\u00b7laran durant les nits del 24 i 31 de desembre. Des de la regidoria de Feminismes i LGTBIQ+ es fa una bona valoraci\u00f3 de les intervencions i actuacions fetes durant els serveis efectuats, que han durat sempre set hores, i es destaca la bona rebuda que la iniciativa ha tingut entre el jovent. &nbsp;<\/p>\n\n\n\n<p>La segona tinent d&#8217;alcaldia i regidora de l&#8217;\u00c0mbit d&#8217;Educaci\u00f3, Feminismes i LGTBIQ+, Ciutadania, Participaci\u00f3 i Agenda 2030, A\u00efda Llaurad\u00f3, ha remarcat que \u00abgr\u00e0cies a la feina del Govern municipal, Badalona ha disposat finalment durant tot l&#8217;any del servei de Punt Lila durant les principals festes i esdeveniments d&#8217;oci nocturn que es celebren a la ciutat\u201d. La regidora ha subratllat la \u201cbona atenci\u00f3 que han rebut les v\u00edctimes d\u2019agressions i la funci\u00f3 pedag\u00f2gica i de sensibilitzaci\u00f3 que les persones que estaven en els punts han fet en l\u2019entorn dels espais d&#8217;oci per aconseguir que estiguin lliures de viol\u00e8ncies masclistes i LGTBIQ+f\u00f2biques\u201d. \u201cDe cara l\u2019any 2023 continuarem treballant per construir la Badalona feminista que la ciutadania es mereix\u201d, ha afegit Llaurad\u00f3. &nbsp;<\/p>\n","protected":false},"excerpt":{"rendered":"<p>L&#8217;Ajuntament de Badalona instal\u00b7lar\u00e0 dos Punts Liles durant el per\u00edode de Nadal per garantir unes festes nadalenques lliures de viol\u00e8ncies masclistes i LGTBIQ+f\u00f2biques. L&#8217;objectiu principal del servei \u00e9s informar, sensibilitzar, prevenir i actuar davant les actituds masclistes i LGTBIQ+f\u00f2biques que es produeixen als espais p\u00fablics, d&#8217;oci i festius. Tamb\u00e9 s\u2019ofereix atenci\u00f3 en un espai i [&hellip;]<\/p>\n","protected":false},"author":2,"featured_media":4587,"comment_status":"open","ping_status":"open","sticky":false,"template":"","format":"standard","meta":{"footnotes":""},"categories":[23,24],"tags":[],"class_list":{"0":"post-4586","1":"post","2":"type-post","3":"status-publish","4":"format-standard","5":"has-post-thumbnail","7":"category-actualitat","8":"category-societat"},"_links":{"self":[{"href":"https:\/\/areabadalona.com\/diario\/wp-json\/wp\/v2\/posts\/4586","targetHints":{"allow":["GET"]}}],"collection":[{"href":"https:\/\/areabadalona.com\/diario\/wp-json\/wp\/v2\/posts"}],"about":[{"href":"https:\/\/areabadalona.com\/diario\/wp-json\/wp\/v2\/types\/post"}],"author":[{"embeddable":true,"href":"https:\/\/areabadalona.com\/diario\/wp-json\/wp\/v2\/users\/2"}],"replies":[{"embeddable":true,"href":"https:\/\/areabadalona.com\/diario\/wp-json\/wp\/v2\/comments?post=4586"}],"version-history":[{"count":1,"href":"https:\/\/areabadalona.com\/diario\/wp-json\/wp\/v2\/posts\/4586\/revisions"}],"predecessor-version":[{"id":4588,"href":"https:\/\/areabadalona.com\/diario\/wp-json\/wp\/v2\/posts\/4586\/revisions\/4588"}],"wp:featuredmedia":[{"embeddable":true,"href":"https:\/\/areabadalona.com\/diario\/wp-json\/wp\/v2\/media\/4587"}],"wp:attachment":[{"href":"https:\/\/areabadalona.com\/diario\/wp-json\/wp\/v2\/media?parent=4586"}],"wp:term":[{"taxonomy":"category","embeddable":true,"href":"https:\/\/areabadalona.com\/diario\/wp-json\/wp\/v2\/categories?post=4586"},{"taxonomy":"post_tag","embeddable":true,"href":"https:\/\/areabadalona.com\/diario\/wp-json\/wp\/v2\/tags?post=4586"}],"curies":[{"name":"wp","href":"https:\/\/api.w.org\/{rel}","templated":true}]}}