{"id":4583,"date":"2022-12-22T11:22:32","date_gmt":"2022-12-22T11:22:32","guid":{"rendered":"https:\/\/areabadalona.com\/diario\/?p=4583"},"modified":"2022-12-22T11:22:33","modified_gmt":"2022-12-22T11:22:33","slug":"badalona-activa-un-dispositiu-conjunt-de-guardia-urbana-i-mossos-desquadra-pels-principals-eixos-comercials-de-la-ciutat","status":"publish","type":"post","link":"https:\/\/areabadalona.com\/diario\/2022\/12\/22\/badalona-activa-un-dispositiu-conjunt-de-guardia-urbana-i-mossos-desquadra-pels-principals-eixos-comercials-de-la-ciutat\/","title":{"rendered":"Badalona activa un dispositiu conjunt de Gu\u00e0rdia Urbana i Mossos d\u2019Esquadra pels principals eixos comercials de la ciutat\u00a0"},"content":{"rendered":"\n<p>Des d\u2019aquesta setmana est\u00e0 en marxa a Badalona el dispositiu Gr\u00e8vol, un operatiu que refor\u00e7a durant les festes de Nadal el patrullatge d\u2019agents de la Gu\u00e0rdia Urbana de Badalona i dels Mossos d\u2019Esquadra pels principals eixos de la ciutat. Aquest dispositiu policial estar\u00e0 actiu fins al dilluns 9 de gener de 2023 amb l\u2019objectiu de contribuir a la prevenci\u00f3 de fets delictius i contribuir a la seguretat dels comerciants i de la ciutadania. L\u2019operatiu s&#8217;allarga fins al dia 9 de gener per incloure tamb\u00e9 els primers dies de la campanya de rebaixes despr\u00e9s de Reis, unes dates en qu\u00e8 tamb\u00e9 hi ha molta gent als principals eixos comercials de la ciutat. &nbsp;<\/p>\n\n\n\n<p>El tercer tinent d\u2019Alcaldia i regidor de Protecci\u00f3 Social a les Persones i del Districte 1, David Torrents; i el sis\u00e8 tinent d\u2019Alcaldia i regidor de Govern i Seguretat Ciutadana; Christian Carneado; han presentat aquest migdia a aquest dispositiu acompanyats d\u2019agents de la policia local i d\u2019agents dels Mossos. La presentaci\u00f3 ha tingut lloc a la pla\u00e7a de la Vila i han fet un recorregut per l\u2019eix comercial del carrer de Mar.&nbsp;<\/p>\n\n\n\n<p>El regidor Carneado ha explicat que \u00abdes del Govern impulsem i ampliem el dispositiu Gr\u00e8vol per assegurar que a Badalona es pugui gaudir de les activitats de Nadal amb total seguretat i que la gent que s&#8217;apropa als principals carrers comercials de la ciutat faci les seves compres amb la tranquil\u00b7litat que genera la pres\u00e8ncia dels cossos policials\u00bb&nbsp;<\/p>\n\n\n\n<p>Per la seva part, el regidor David Torrents ha destacat que \u201cestem molt contents per veure que, despr\u00e9s d\u2019uns anys marcats per la pand\u00e8mia, els carrers comercials de la ciutat tornen a estar atape\u00efts; per aix\u00f2 impulsem aquest dispositiu que optimitza els recursos policials, transmet i dona seguretat a ve\u00efns i comerciants i permet que les passejades pels eixos comercials siguin totalment agradables i tranquil\u00b7les\u201d.&nbsp;<\/p>\n","protected":false},"excerpt":{"rendered":"<p>Des d\u2019aquesta setmana est\u00e0 en marxa a Badalona el dispositiu Gr\u00e8vol, un operatiu que refor\u00e7a durant les festes de Nadal el patrullatge d\u2019agents de la Gu\u00e0rdia Urbana de Badalona i dels Mossos d\u2019Esquadra pels principals eixos de la ciutat. Aquest dispositiu policial estar\u00e0 actiu fins al dilluns 9 de gener de 2023 amb l\u2019objectiu de [&hellip;]<\/p>\n","protected":false},"author":2,"featured_media":4584,"comment_status":"open","ping_status":"open","sticky":false,"template":"","format":"standard","meta":{"footnotes":""},"categories":[23],"tags":[],"class_list":{"0":"post-4583","1":"post","2":"type-post","3":"status-publish","4":"format-standard","5":"has-post-thumbnail","7":"category-actualitat"},"_links":{"self":[{"href":"https:\/\/areabadalona.com\/diario\/wp-json\/wp\/v2\/posts\/4583","targetHints":{"allow":["GET"]}}],"collection":[{"href":"https:\/\/areabadalona.com\/diario\/wp-json\/wp\/v2\/posts"}],"about":[{"href":"https:\/\/areabadalona.com\/diario\/wp-json\/wp\/v2\/types\/post"}],"author":[{"embeddable":true,"href":"https:\/\/areabadalona.com\/diario\/wp-json\/wp\/v2\/users\/2"}],"replies":[{"embeddable":true,"href":"https:\/\/areabadalona.com\/diario\/wp-json\/wp\/v2\/comments?post=4583"}],"version-history":[{"count":1,"href":"https:\/\/areabadalona.com\/diario\/wp-json\/wp\/v2\/posts\/4583\/revisions"}],"predecessor-version":[{"id":4585,"href":"https:\/\/areabadalona.com\/diario\/wp-json\/wp\/v2\/posts\/4583\/revisions\/4585"}],"wp:featuredmedia":[{"embeddable":true,"href":"https:\/\/areabadalona.com\/diario\/wp-json\/wp\/v2\/media\/4584"}],"wp:attachment":[{"href":"https:\/\/areabadalona.com\/diario\/wp-json\/wp\/v2\/media?parent=4583"}],"wp:term":[{"taxonomy":"category","embeddable":true,"href":"https:\/\/areabadalona.com\/diario\/wp-json\/wp\/v2\/categories?post=4583"},{"taxonomy":"post_tag","embeddable":true,"href":"https:\/\/areabadalona.com\/diario\/wp-json\/wp\/v2\/tags?post=4583"}],"curies":[{"name":"wp","href":"https:\/\/api.w.org\/{rel}","templated":true}]}}