{"id":4574,"date":"2022-12-21T11:25:19","date_gmt":"2022-12-21T11:25:19","guid":{"rendered":"https:\/\/areabadalona.com\/diario\/?p=4574"},"modified":"2022-12-21T11:25:19","modified_gmt":"2022-12-21T11:25:19","slug":"servei-especial-de-recollida-descombraries-i-de-neteja-viaria-durant-les-festes-de-nadal-a-badalona","status":"publish","type":"post","link":"https:\/\/areabadalona.com\/diario\/2022\/12\/21\/servei-especial-de-recollida-descombraries-i-de-neteja-viaria-durant-les-festes-de-nadal-a-badalona\/","title":{"rendered":"Servei especial de recollida d\u2019escombraries i de neteja vi\u00e0ria durant les festes de Nadal a Badalona"},"content":{"rendered":"\n<p>Amb motiu de la celebraci\u00f3 de les festes nadalenques, l\u2019Ajuntament de Badalona adequa els serveis de neteja vi\u00e0ria i de recollida d\u2019escombraries a les necessitats espec\u00edfiques d\u2019aquestes dates.&nbsp;<\/p>\n\n\n\n<p><strong>Adaptaci\u00f3 d\u2019horaris&nbsp;<\/strong><\/p>\n\n\n\n<p>S\u2019avan\u00e7a l\u2019horari de recollida de residus de resta a tota la ciutat el 24 de desembre (nit de Nadal), i el 31 (nit de Cap d\u2019Any), de manera que es realitzar\u00e0 de 15 hores a 22 hores. &nbsp;<\/p>\n\n\n\n<p>Pel que fa als carrers del barri del Centre, on la recollida es fa a trav\u00e9s del sistema de posar i treure contenidors, la nit del 24 de desembre i del 31 de desembre no hi haur\u00e0 servei de recollida d&#8217;escombraries. El servei es far\u00e0 el 25 de desembre i l\u20191 de gener, respectivament, al mat\u00ed. Es demana a la ciutadania que aquests dies es treguin les escombraries en els punts habituals on es posen els contenidors nom\u00e9s <strong>a partir de la mitjanit<\/strong>.&nbsp; &nbsp;<\/p>\n\n\n\n<p><strong>Refor\u00e7 de la recollida de residus i de la neteja vi\u00e0ria a tota la ciutat&nbsp;<\/strong><\/p>\n\n\n\n<p>L\u2019Ajuntament de Badalona refor\u00e7a la recollida de residus i de la neteja vi\u00e0ria a tota la ciutat durant les festes de Nadal: &nbsp;<\/p>\n\n\n\n<p>&#8211; Des del 17 de desembre fins al 8 de gener, es refor\u00e7ar\u00e0 amb 2 equips la recollida de desbordaments. &nbsp;<\/p>\n\n\n\n<p>&#8211; El 25 de desembre i l\u20191 de gener es refor\u00e7ar\u00e0 amb 5 equips la recollida de desbordaments.&nbsp;<\/p>\n\n\n\n<p>&#8211; El 6 de gener es refor\u00e7ar\u00e0 amb 6 equips la recollida de contenidors de resta, envasos i de paper i cart\u00f3.&nbsp;<\/p>\n\n\n\n<p><strong>Cavalcada de Reis&nbsp;<\/strong><\/p>\n\n\n\n<p>El 5 de gener a la tarda dos equips refor\u00e7aran el seguiment del recorregut de la cavalcada.&nbsp;<\/p>\n\n\n\n<p><strong>Recollida d\u2019arbres de Nadal&nbsp;<\/strong><\/p>\n\n\n\n<p>A partir del 7 de gener es podran deixar els arbres de Nadal, sense ornaments, al costat dels contenidors. Es podran deixar els mateixos dies i horaris que estan estipulats per a la recollida de voluminosos (la informaci\u00f3 a cada bateria de contenidors).<strong>&nbsp;<\/strong><\/p>\n\n\n\n<p>L\u2019Ajuntament de Badalona demana a la ciutadania que col\u00b7labori durant aquests dies amb aquests horaris especials i que dipositi sempre les bosses dins dels contenidors. Recordem tamb\u00e9 que \u00e9s important separar els residus en origen per tal que sigui m\u00e9s senzill despr\u00e9s dipositar-los al contenidor del color de la fracci\u00f3 corresponent.&nbsp;<\/p>\n","protected":false},"excerpt":{"rendered":"<p>Amb motiu de la celebraci\u00f3 de les festes nadalenques, l\u2019Ajuntament de Badalona adequa els serveis de neteja vi\u00e0ria i de recollida d\u2019escombraries a les necessitats espec\u00edfiques d\u2019aquestes dates.&nbsp; Adaptaci\u00f3 d\u2019horaris&nbsp; S\u2019avan\u00e7a l\u2019horari de recollida de residus de resta a tota la ciutat el 24 de desembre (nit de Nadal), i el 31 (nit de Cap [&hellip;]<\/p>\n","protected":false},"author":2,"featured_media":4575,"comment_status":"open","ping_status":"open","sticky":false,"template":"","format":"standard","meta":{"footnotes":""},"categories":[23],"tags":[],"class_list":{"0":"post-4574","1":"post","2":"type-post","3":"status-publish","4":"format-standard","5":"has-post-thumbnail","7":"category-actualitat"},"_links":{"self":[{"href":"https:\/\/areabadalona.com\/diario\/wp-json\/wp\/v2\/posts\/4574","targetHints":{"allow":["GET"]}}],"collection":[{"href":"https:\/\/areabadalona.com\/diario\/wp-json\/wp\/v2\/posts"}],"about":[{"href":"https:\/\/areabadalona.com\/diario\/wp-json\/wp\/v2\/types\/post"}],"author":[{"embeddable":true,"href":"https:\/\/areabadalona.com\/diario\/wp-json\/wp\/v2\/users\/2"}],"replies":[{"embeddable":true,"href":"https:\/\/areabadalona.com\/diario\/wp-json\/wp\/v2\/comments?post=4574"}],"version-history":[{"count":1,"href":"https:\/\/areabadalona.com\/diario\/wp-json\/wp\/v2\/posts\/4574\/revisions"}],"predecessor-version":[{"id":4576,"href":"https:\/\/areabadalona.com\/diario\/wp-json\/wp\/v2\/posts\/4574\/revisions\/4576"}],"wp:featuredmedia":[{"embeddable":true,"href":"https:\/\/areabadalona.com\/diario\/wp-json\/wp\/v2\/media\/4575"}],"wp:attachment":[{"href":"https:\/\/areabadalona.com\/diario\/wp-json\/wp\/v2\/media?parent=4574"}],"wp:term":[{"taxonomy":"category","embeddable":true,"href":"https:\/\/areabadalona.com\/diario\/wp-json\/wp\/v2\/categories?post=4574"},{"taxonomy":"post_tag","embeddable":true,"href":"https:\/\/areabadalona.com\/diario\/wp-json\/wp\/v2\/tags?post=4574"}],"curies":[{"name":"wp","href":"https:\/\/api.w.org\/{rel}","templated":true}]}}