{"id":4560,"date":"2022-12-19T12:26:02","date_gmt":"2022-12-19T12:26:02","guid":{"rendered":"https:\/\/areabadalona.com\/diario\/?p=4560"},"modified":"2022-12-19T12:26:03","modified_gmt":"2022-12-19T12:26:03","slug":"exhaurides-les-entrades-per-visitar-la-fabrica-de-joguines-dels-turnemis-que-sinstal%c2%b7lara-a-lescorxador-a-partir-del-2-de-gener","status":"publish","type":"post","link":"https:\/\/areabadalona.com\/diario\/2022\/12\/19\/exhaurides-les-entrades-per-visitar-la-fabrica-de-joguines-dels-turnemis-que-sinstal%c2%b7lara-a-lescorxador-a-partir-del-2-de-gener\/","title":{"rendered":"Exhaurides les entrades per visitar la F\u00e0brica de Joguines dels Turnemis que s\u2019instal\u00b7lar\u00e0 a l\u2019Escorxador a partir del 2 de gener\u00a0"},"content":{"rendered":"\n<p>En menys de dues hores s\u2019han exhaurit avui les entrades que l\u2019Ajuntament de Badalona havia posat a disposici\u00f3 de la ciutadana per visitar la F\u00e0brica de Joguines dels Turnemis els dies 2, 3 i 4 de gener del 2023, de 17 a 21 hores, al Centre Cultural l\u2019Escorxador-Nau 3. &nbsp;<\/p>\n\n\n\n<p>Aquesta F\u00e0brica \u00e9s l\u2019espai on els personatges m\u00e0gics dels Turnemis es converteixen en ajudants de Ses Majestats els Reis Mags d\u2019Orient i s\u2019encarreguen de preparar les joguines que es repartiran la nit del 5 de gener. Els infants podran rec\u00f3rrer la F\u00e0brica i podran interactuar amb els turnemis lliurant-los les cartes als Reis, veient el funcionament de la F\u00e0brica o fent funcionar les m\u00e0quines que empaqueten i emmagatzemen els regals. &nbsp;<\/p>\n\n\n\n<p>L\u2019Ajuntament de Badalona ha pogut recuperar aquesta activitat, que es va iniciar l\u2019any 2019, despr\u00e9s que no tingu\u00e9s lloc l\u2019any passat.&nbsp;<\/p>\n\n\n\n<p><strong>Entrades per visitar el Campament Reial&nbsp;<\/strong><\/p>\n\n\n\n<p>Les persones interessades a visitar el Campament Reial, que aquest any estar\u00e0 situat al parc de Can Solei i de Ca l\u2019Arn\u00fas, poden demanar des d\u2019avui cita pr\u00e8via per visitar-lo durant els dies 29 i 30 de desembre del 2022 i 2, 3 i 4 de gener de 2023, en horari de 17 a 21 hores. El Campament Reial ser\u00e0 de nou un espai m\u00e0gic on veure les comparses art\u00edstiques que participaran a la Cavalcada dels Reis d&#8217;Orient, un indret ple de racons on gaudir del color de la llum, dels balls de les compares art\u00edstiques i de m\u00e0giques decoracions i on, els infants, podran veure que la carrossa de regals est\u00e0 preparada per complir els seus desitjos.&nbsp;<\/p>\n\n\n\n<p>L\u2019activitat \u00e9s gratu\u00efta i la reserva s\u2019ha de fer a trav\u00e9s de l\u2019enlla\u00e7 seg\u00fcent:&nbsp;<\/p>\n\n\n\n<p><a href=\"https:\/\/agendacultural.badalona.cat\/esdeveniment\/campament-reial-22-23\">https:\/\/agendacultural.badalona.cat\/esdeveniment\/campament-reial-22-23<\/a><\/p>\n\n\n\n<p>Cada persona registrada pot demanar entrades per a un m\u00e0xim de sis persones.&nbsp;<\/p>\n\n\n\n<p>Tota la informaci\u00f3 de les activitats es pot trobar al web&nbsp;<a href=\"http:\/\/www.agendacultural.badalona.cat\/\">www.agendacultural.badalona.cat<\/a><a><\/a>&nbsp;i tamb\u00e9 des de l&#8217;aplicaci\u00f3 m\u00f2bil Agenda Cultural Badalona, que es pot descarregar accedint a aquesta web. &nbsp;<\/p>\n\n\n\n<p>La regidora de Cultura de l\u2019Ajuntament de Badalona, Anna Maria Lara, qualifica la participaci\u00f3 i l\u2019acollida d\u2019aquesta nova edici\u00f3 de la F\u00e0brica de Joguines dels Turnemis com a \u201c\u00e8xit total\u201d i ha afegit que \u201canimo a tothom a participar de la resta d\u2019activitats programades per a la Campanya de Reis\u201d.&nbsp;<\/p>\n","protected":false},"excerpt":{"rendered":"<p>En menys de dues hores s\u2019han exhaurit avui les entrades que l\u2019Ajuntament de Badalona havia posat a disposici\u00f3 de la ciutadana per visitar la F\u00e0brica de Joguines dels Turnemis els dies 2, 3 i 4 de gener del 2023, de 17 a 21 hores, al Centre Cultural l\u2019Escorxador-Nau 3. &nbsp; Aquesta F\u00e0brica \u00e9s l\u2019espai on [&hellip;]<\/p>\n","protected":false},"author":2,"featured_media":4561,"comment_status":"open","ping_status":"open","sticky":false,"template":"","format":"standard","meta":{"footnotes":""},"categories":[23],"tags":[],"class_list":{"0":"post-4560","1":"post","2":"type-post","3":"status-publish","4":"format-standard","5":"has-post-thumbnail","7":"category-actualitat"},"_links":{"self":[{"href":"https:\/\/areabadalona.com\/diario\/wp-json\/wp\/v2\/posts\/4560","targetHints":{"allow":["GET"]}}],"collection":[{"href":"https:\/\/areabadalona.com\/diario\/wp-json\/wp\/v2\/posts"}],"about":[{"href":"https:\/\/areabadalona.com\/diario\/wp-json\/wp\/v2\/types\/post"}],"author":[{"embeddable":true,"href":"https:\/\/areabadalona.com\/diario\/wp-json\/wp\/v2\/users\/2"}],"replies":[{"embeddable":true,"href":"https:\/\/areabadalona.com\/diario\/wp-json\/wp\/v2\/comments?post=4560"}],"version-history":[{"count":1,"href":"https:\/\/areabadalona.com\/diario\/wp-json\/wp\/v2\/posts\/4560\/revisions"}],"predecessor-version":[{"id":4562,"href":"https:\/\/areabadalona.com\/diario\/wp-json\/wp\/v2\/posts\/4560\/revisions\/4562"}],"wp:featuredmedia":[{"embeddable":true,"href":"https:\/\/areabadalona.com\/diario\/wp-json\/wp\/v2\/media\/4561"}],"wp:attachment":[{"href":"https:\/\/areabadalona.com\/diario\/wp-json\/wp\/v2\/media?parent=4560"}],"wp:term":[{"taxonomy":"category","embeddable":true,"href":"https:\/\/areabadalona.com\/diario\/wp-json\/wp\/v2\/categories?post=4560"},{"taxonomy":"post_tag","embeddable":true,"href":"https:\/\/areabadalona.com\/diario\/wp-json\/wp\/v2\/tags?post=4560"}],"curies":[{"name":"wp","href":"https:\/\/api.w.org\/{rel}","templated":true}]}}