{"id":4557,"date":"2022-12-19T12:20:23","date_gmt":"2022-12-19T12:20:23","guid":{"rendered":"https:\/\/areabadalona.com\/diario\/?p=4557"},"modified":"2022-12-19T12:20:23","modified_gmt":"2022-12-19T12:20:23","slug":"david-cid-i-aida-llaurado-denuncien-la-manca-de-recursos-de-la-sanitat-publica-als-caps-de-badalona","status":"publish","type":"post","link":"https:\/\/areabadalona.com\/diario\/2022\/12\/19\/david-cid-i-aida-llaurado-denuncien-la-manca-de-recursos-de-la-sanitat-publica-als-caps-de-badalona\/","title":{"rendered":"<strong>David Cid i A\u00efda Llaurad\u00f3 denuncien la manca de recursos de la sanitat p\u00fablica als CAPs de Badalona<\/strong>"},"content":{"rendered":"\n<p>La presidenta de Badalona En Com\u00fa Podem, <strong>A\u00efda Llaurad\u00f3<\/strong>, i el portaveu d\u2019En Com\u00fa Podem al Parlament de Catalunya, <strong>David Cid<\/strong>, han denunciat la situaci\u00f3 de col\u00b7lapse de la sanitat p\u00fablica catalana en el marc de l\u2019acci\u00f3 de Badalona En Com\u00fa Podem als CAPs de la ciutat. La milit\u00e0ncia dels comuns ha repartit informaci\u00f3 de l\u2019estat actual de la sanitat, falta de recursos i condicions per atendre les llargues llistes d\u2019espera, i ha informat sobre el cam\u00ed a seguir per rescatar la sanitat p\u00fablica, com la millora de les condicions laborals, reduir llistes d\u2019espera, augmentar el pressupost dedicat a l\u2019Atenci\u00f3 Prim\u00e0ria i que la Generalitat hagi de destinar el 7% del PIB en sanitat.<\/p>\n\n\n\n<p>En Com\u00fa Podem va anunciar fa uns dies el Pla de rescat de la Sanitat P\u00fablica Catalana a l&#8217;acord de pressupostos que han assolit amb el Govern de la Generalitat. A l&#8217;acord s&#8217;inclou ampliar el pressupost per Atenci\u00f3 Prim\u00e0ria, un 20% dels recursos en Sanitat seran per atendre l&#8217;Atenci\u00f3 prim\u00e0ria, amb el comprom\u00eds del 25% al 2025. Tamb\u00e9 s&#8217;han acordat 1000M d&#8217;euros m\u00e9s en Salut P\u00fablica, aix\u00ed com garantir que tothom pugui ser at\u00e8s per un metge de cap\u00e7alera en menys de 5 dies, 40M pel dentista p\u00fablic i 20M d&#8217;euros pel refor\u00e7 de la salut mental. En aquesta mateixa l\u00ednia el diputat David Cid ha manifestat que \u201ccal garantir drets als professionals sanitaris, la falta de condicions fan que faltin professionals, donat que la realitat \u00e9s que els sous son molts m\u00e9s baixos que al nostre entorn, tant d\u2019altres pa\u00efsos com fins i tot d&#8217;altres Comunitats Aut\u00f2nomes\u201d.<\/p>\n","protected":false},"excerpt":{"rendered":"<p>La presidenta de Badalona En Com\u00fa Podem, A\u00efda Llaurad\u00f3, i el portaveu d\u2019En Com\u00fa Podem al Parlament de Catalunya, David Cid, han denunciat la situaci\u00f3 de col\u00b7lapse de la sanitat p\u00fablica catalana en el marc de l\u2019acci\u00f3 de Badalona En Com\u00fa Podem als CAPs de la ciutat. La milit\u00e0ncia dels comuns ha repartit informaci\u00f3 de [&hellip;]<\/p>\n","protected":false},"author":2,"featured_media":4558,"comment_status":"open","ping_status":"open","sticky":false,"template":"","format":"standard","meta":{"footnotes":""},"categories":[23],"tags":[],"class_list":{"0":"post-4557","1":"post","2":"type-post","3":"status-publish","4":"format-standard","5":"has-post-thumbnail","7":"category-actualitat"},"_links":{"self":[{"href":"https:\/\/areabadalona.com\/diario\/wp-json\/wp\/v2\/posts\/4557","targetHints":{"allow":["GET"]}}],"collection":[{"href":"https:\/\/areabadalona.com\/diario\/wp-json\/wp\/v2\/posts"}],"about":[{"href":"https:\/\/areabadalona.com\/diario\/wp-json\/wp\/v2\/types\/post"}],"author":[{"embeddable":true,"href":"https:\/\/areabadalona.com\/diario\/wp-json\/wp\/v2\/users\/2"}],"replies":[{"embeddable":true,"href":"https:\/\/areabadalona.com\/diario\/wp-json\/wp\/v2\/comments?post=4557"}],"version-history":[{"count":1,"href":"https:\/\/areabadalona.com\/diario\/wp-json\/wp\/v2\/posts\/4557\/revisions"}],"predecessor-version":[{"id":4559,"href":"https:\/\/areabadalona.com\/diario\/wp-json\/wp\/v2\/posts\/4557\/revisions\/4559"}],"wp:featuredmedia":[{"embeddable":true,"href":"https:\/\/areabadalona.com\/diario\/wp-json\/wp\/v2\/media\/4558"}],"wp:attachment":[{"href":"https:\/\/areabadalona.com\/diario\/wp-json\/wp\/v2\/media?parent=4557"}],"wp:term":[{"taxonomy":"category","embeddable":true,"href":"https:\/\/areabadalona.com\/diario\/wp-json\/wp\/v2\/categories?post=4557"},{"taxonomy":"post_tag","embeddable":true,"href":"https:\/\/areabadalona.com\/diario\/wp-json\/wp\/v2\/tags?post=4557"}],"curies":[{"name":"wp","href":"https:\/\/api.w.org\/{rel}","templated":true}]}}