{"id":4555,"date":"2022-12-19T10:22:08","date_gmt":"2022-12-19T10:22:08","guid":{"rendered":"https:\/\/areabadalona.com\/diario\/?p=4555"},"modified":"2022-12-19T10:22:09","modified_gmt":"2022-12-19T10:22:09","slug":"a-badalona-baixen-els-delictes-contra-la-integritat-sexual-83-i-el-trafic-de-drogues-163-segons-les-dades-de-lultim-balanc-de-criminalitat-del-ministeri-de-linterior-correspo","status":"publish","type":"post","link":"https:\/\/areabadalona.com\/diario\/2022\/12\/19\/a-badalona-baixen-els-delictes-contra-la-integritat-sexual-83-i-el-trafic-de-drogues-163-segons-les-dades-de-lultim-balanc-de-criminalitat-del-ministeri-de-linterior-correspo\/","title":{"rendered":"<strong>A Badalona baixen els delictes contra la integritat sexual (-8,3%) i el tr\u00e0fic de drogues (-16,3%) segons les dades de l\u2019\u00faltim Balan\u00e7 de Criminalitat del Ministeri de l\u2019Interior corresponent al tercer trimestre de 2022\u00a0<\/strong>"},"content":{"rendered":"\n<p>Segons les dades publicades aquesta setmana pel Ministeri de l\u2019Interior, corresponents al tercer trimestre de l\u2019any 2022, el nombre d\u2019infraccions penals a Badalona entre gener i setembre de 2022 se situa per sota de la mitjana de les dades de Catalunya i de les principals ciutats de la prov\u00edncia de Barcelona en aquest mateix per\u00edode. Tot i que en comparaci\u00f3 amb el mateix per\u00edode de 2021 les xifres indiquen que les infraccions han augmentat globalment a tot el territori, a Badalona ho ha fet nom\u00e9s un 18,9%, mentre que a Catalunya ho ha fet un 25,5% i a tota la prov\u00edncia de Barcelona un 26,7%.&nbsp;<\/p>\n\n\n\n<p>El Balan\u00e7 de Criminalitat publicat pel Ministeri de l\u2019Interior indica, tal com va fer en documents anteriors, que durant els anys 2020 i 2021 es va produir un important descens de les xifres de criminalitat a tot l\u2019Estat, com a conseq\u00fc\u00e8ncia de les condicions derivades de la pand\u00e8mia causada per la COVID-19.&nbsp;<\/p>\n\n\n\n<p>Aquest creixement d\u2019infraccions en relaci\u00f3 a l\u2019any 2021 es dona a la majoria de ciutats de la prov\u00edncia. A L\u2019Hospitalet de Llobregat els delictes han pujat un 24,5%; a Matar\u00f3, un 33,6%; al Prat de Llobregat un 54%; a Cornell\u00e0 un 27%; a Sant Adri\u00e0 de Bes\u00f2s un 22,7%; i a Igualada un 26,3%. Entre els municipis de la mateixa grand\u00e0ria que Badalona, l\u2019augment d\u2019infraccions penals nom\u00e9s \u00e9s inferior a Terrassa, on els delictes han pujat un 18%. &nbsp;<\/p>\n\n\n\n<p>Des del Govern municipal es valora molt positivament la disminuci\u00f3 dels delictes contra la llibertat sexual a Badalona (-8,3%) en comparaci\u00f3 a Catalunya (+14,9%) i a la prov\u00edncia de Barcelona (+13,1%). En aquest sentit tamb\u00e9 es destaca el descens en el tr\u00e0fic de drogues (-16,3%), en comparaci\u00f3 a Catalunya (+2,2%) i a la prov\u00edncia de Barcelona (+2%).&nbsp;<\/p>\n\n\n\n<p>Els furts, que generen preocupaci\u00f3 social, augmenten a Badalona (+17,5%) molt per sota de la mitjana de Catalunya (+43,7%) i tamb\u00e9 de la prov\u00edncia de Barcelona (+45,2%).&nbsp;<\/p>\n\n\n\n<p>El Govern municipal considera que com a dada a millorar de les dades del Ministeri es troben els robatoris amb for\u00e7a a domicilis i establiments que a Badalona augmenten un 89% mentre que a Catalunya ho fa un 27&#8217;2% i a la prov\u00edncia de Barcelona un 31&#8217;7%. Aquestes dades es deuen a grups especialitzats en robatoris que han estat molt actius durant el primer semestre de l&#8217;any i que tant Gu\u00e0rdia Urbana com Mossos d&#8217;Esquadra estan treballant per desarticular, de fet es van produir detencions vinculades amb aquests delictes.&nbsp;<\/p>\n\n\n\n<p>L\u2019alcalde de Badalona, Rub\u00e9n Guijarro, ha afirmat: \u201cL&#8217;aposta per la seguretat del Govern local \u00e9s ferma. Durant el darrer any hem incorporat 21 agents de policia i el proper mes de gener anir\u00e0 a l&#8217;Escola de Policia una nova promoci\u00f3 de 32 agents. Tanmateix lamentem que el govern anterior deix\u00e9s perdre tota una promoci\u00f3 de 26 agents el gener de 2021\u201d. \u201cEn la l\u00ednia de millorar els recursos materials estem renovant la flota amb nous vehicles policials i implantarem sistemes de videovigil\u00e0ncia\u201d, ha afegit.&nbsp;<\/p>\n","protected":false},"excerpt":{"rendered":"<p>Segons les dades publicades aquesta setmana pel Ministeri de l\u2019Interior, corresponents al tercer trimestre de l\u2019any 2022, el nombre d\u2019infraccions penals a Badalona entre gener i setembre de 2022 se situa per sota de la mitjana de les dades de Catalunya i de les principals ciutats de la prov\u00edncia de Barcelona en aquest mateix per\u00edode. [&hellip;]<\/p>\n","protected":false},"author":2,"featured_media":2699,"comment_status":"open","ping_status":"open","sticky":false,"template":"","format":"standard","meta":{"footnotes":""},"categories":[23,24],"tags":[],"class_list":{"0":"post-4555","1":"post","2":"type-post","3":"status-publish","4":"format-standard","5":"has-post-thumbnail","7":"category-actualitat","8":"category-societat"},"_links":{"self":[{"href":"https:\/\/areabadalona.com\/diario\/wp-json\/wp\/v2\/posts\/4555","targetHints":{"allow":["GET"]}}],"collection":[{"href":"https:\/\/areabadalona.com\/diario\/wp-json\/wp\/v2\/posts"}],"about":[{"href":"https:\/\/areabadalona.com\/diario\/wp-json\/wp\/v2\/types\/post"}],"author":[{"embeddable":true,"href":"https:\/\/areabadalona.com\/diario\/wp-json\/wp\/v2\/users\/2"}],"replies":[{"embeddable":true,"href":"https:\/\/areabadalona.com\/diario\/wp-json\/wp\/v2\/comments?post=4555"}],"version-history":[{"count":1,"href":"https:\/\/areabadalona.com\/diario\/wp-json\/wp\/v2\/posts\/4555\/revisions"}],"predecessor-version":[{"id":4556,"href":"https:\/\/areabadalona.com\/diario\/wp-json\/wp\/v2\/posts\/4555\/revisions\/4556"}],"wp:featuredmedia":[{"embeddable":true,"href":"https:\/\/areabadalona.com\/diario\/wp-json\/wp\/v2\/media\/2699"}],"wp:attachment":[{"href":"https:\/\/areabadalona.com\/diario\/wp-json\/wp\/v2\/media?parent=4555"}],"wp:term":[{"taxonomy":"category","embeddable":true,"href":"https:\/\/areabadalona.com\/diario\/wp-json\/wp\/v2\/categories?post=4555"},{"taxonomy":"post_tag","embeddable":true,"href":"https:\/\/areabadalona.com\/diario\/wp-json\/wp\/v2\/tags?post=4555"}],"curies":[{"name":"wp","href":"https:\/\/api.w.org\/{rel}","templated":true}]}}