{"id":4549,"date":"2022-12-16T11:23:53","date_gmt":"2022-12-16T11:23:53","guid":{"rendered":"https:\/\/areabadalona.com\/diario\/?p=4549"},"modified":"2022-12-16T11:23:53","modified_gmt":"2022-12-16T11:23:53","slug":"badalona-celebrara-el-primer-bany-de-lany-2023-a-la-platja-de-la-marina","status":"publish","type":"post","link":"https:\/\/areabadalona.com\/diario\/2022\/12\/16\/badalona-celebrara-el-primer-bany-de-lany-2023-a-la-platja-de-la-marina\/","title":{"rendered":"Badalona celebrar\u00e0 el primer bany de l\u2019any 2023 a la platja de la Marina\u00a0"},"content":{"rendered":"\n<p>Diumenge 1 de gener del 2023, a les 12 hores, tindr\u00e0 lloc la 2a edici\u00f3 del \u201cPrimer bany de l\u2019any a Badalona\u201d a la platja de la Marina, al costat del Port. Els ve\u00efns i ve\u00efnes que vulguin desafiar les baixes temperatures i complir amb la tradici\u00f3 de fer una cabussada a la platja el primer dia de l\u2019any, disposaran de begudes calentes quan surtin de l\u2019aigua. &nbsp;<\/p>\n\n\n\n<p>La 2a edici\u00f3 del \u201cPrimer bany de l\u2019any a Badalona\u201d est\u00e0 organitzada conjuntament per l\u2019\u00c0rea de Medi Ambient i Sostenibilitat i l\u2019\u00c0rea de Participaci\u00f3 Ciutadana de l\u2019Ajuntament de Badalona amb el suport del Port de Badalona, Marina de Badalona, l\u2019Associaci\u00f3 de Ve\u00efns La Mora Port BDN i la guingueta Puerto Bah\u00eda Club de Mar.&nbsp;<\/p>\n\n\n\n<p>Es pot arribar a la nova platja de la Marina en transport p\u00fablic mitjan\u00e7ant la l\u00ednia B7 d\u2019autob\u00fas. Aix\u00ed mateix s\u2019habilitar\u00e0 un aparcament per a bicicletes.&nbsp;<\/p>\n","protected":false},"excerpt":{"rendered":"<p>Diumenge 1 de gener del 2023, a les 12 hores, tindr\u00e0 lloc la 2a edici\u00f3 del \u201cPrimer bany de l\u2019any a Badalona\u201d a la platja de la Marina, al costat del Port. Els ve\u00efns i ve\u00efnes que vulguin desafiar les baixes temperatures i complir amb la tradici\u00f3 de fer una cabussada a la platja el [&hellip;]<\/p>\n","protected":false},"author":2,"featured_media":4550,"comment_status":"open","ping_status":"open","sticky":false,"template":"","format":"standard","meta":{"footnotes":""},"categories":[23,26],"tags":[],"class_list":{"0":"post-4549","1":"post","2":"type-post","3":"status-publish","4":"format-standard","5":"has-post-thumbnail","7":"category-actualitat","8":"category-esports"},"_links":{"self":[{"href":"https:\/\/areabadalona.com\/diario\/wp-json\/wp\/v2\/posts\/4549","targetHints":{"allow":["GET"]}}],"collection":[{"href":"https:\/\/areabadalona.com\/diario\/wp-json\/wp\/v2\/posts"}],"about":[{"href":"https:\/\/areabadalona.com\/diario\/wp-json\/wp\/v2\/types\/post"}],"author":[{"embeddable":true,"href":"https:\/\/areabadalona.com\/diario\/wp-json\/wp\/v2\/users\/2"}],"replies":[{"embeddable":true,"href":"https:\/\/areabadalona.com\/diario\/wp-json\/wp\/v2\/comments?post=4549"}],"version-history":[{"count":1,"href":"https:\/\/areabadalona.com\/diario\/wp-json\/wp\/v2\/posts\/4549\/revisions"}],"predecessor-version":[{"id":4551,"href":"https:\/\/areabadalona.com\/diario\/wp-json\/wp\/v2\/posts\/4549\/revisions\/4551"}],"wp:featuredmedia":[{"embeddable":true,"href":"https:\/\/areabadalona.com\/diario\/wp-json\/wp\/v2\/media\/4550"}],"wp:attachment":[{"href":"https:\/\/areabadalona.com\/diario\/wp-json\/wp\/v2\/media?parent=4549"}],"wp:term":[{"taxonomy":"category","embeddable":true,"href":"https:\/\/areabadalona.com\/diario\/wp-json\/wp\/v2\/categories?post=4549"},{"taxonomy":"post_tag","embeddable":true,"href":"https:\/\/areabadalona.com\/diario\/wp-json\/wp\/v2\/tags?post=4549"}],"curies":[{"name":"wp","href":"https:\/\/api.w.org\/{rel}","templated":true}]}}