{"id":4546,"date":"2022-12-16T10:30:53","date_gmt":"2022-12-16T10:30:53","guid":{"rendered":"https:\/\/areabadalona.com\/diario\/?p=4546"},"modified":"2022-12-16T10:30:53","modified_gmt":"2022-12-16T10:30:53","slug":"lateneu-cooperatiu-del-barcelones-nord-organitza-la-ruta-joan-peiro","status":"publish","type":"post","link":"https:\/\/areabadalona.com\/diario\/2022\/12\/16\/lateneu-cooperatiu-del-barcelones-nord-organitza-la-ruta-joan-peiro\/","title":{"rendered":"L&#8217;Ateneu Cooperatiu del Barcelon\u00e8s Nord organitza la Ruta Joan Peir\u00f3"},"content":{"rendered":"\n<p>Aquest any es commemora el 80\u00e8 aniversari de l\u2019afusellament del sindicalista llibertari, cooperativista i pol\u00edtic catal\u00e0 Joan Peir\u00f3 i Belis.<\/p>\n\n\n\n<p>L\u2019Ateneu Cooperatiu del Barcelon\u00e8s Nord hea preparat una <strong>Ruta Joan Peir\u00f3 per la ciutat de Badalona<\/strong>. La ruta es far\u00e0 aquest <strong>dissabte, 17 de desembre, a les 11 hores<\/strong> i s&#8217;iniciar\u00e0 des de\u00a0 la <strong>Pla\u00e7a de l\u2019Assemblea de Catalunya<\/strong>, <strong>davant les oficines de correus de Badalona.<\/strong><\/p>\n\n\n\n<p><strong>L&#8217;entitat vol donar a con\u00e8ixer la figura de Joan Peir\u00f3<\/strong> a trav\u00e9s de la seva activitat pol\u00edtica i sindical a la ciutat de Badalona i ho far\u00e0 prenent com a refer\u00e8ncia els espais urbans on van succeir els fets m\u00e9s rellevants de la seva vida i tamb\u00e9 del moviment obrer badalon\u00ed.<br>Es far\u00e0 la ruta<strong> acompanyats dels historiadors experts en moviment obrer i sindicalisme Jordi Albaladejo Blanco i Joan Zambrana Capit\u00e1n<\/strong>, que descobriran els escenaris on en Joan Peir\u00f3 es va iniciar en el sindicalisme llibertari i que tamb\u00e9 s\u00f3n els de l\u2019actiu moviment obrer de principis del segle vint a la ciutat.<\/p>\n","protected":false},"excerpt":{"rendered":"<p>Aquest any es commemora el 80\u00e8 aniversari de l\u2019afusellament del sindicalista llibertari, cooperativista i pol\u00edtic catal\u00e0 Joan Peir\u00f3 i Belis. L\u2019Ateneu Cooperatiu del Barcelon\u00e8s Nord hea preparat una Ruta Joan Peir\u00f3 per la ciutat de Badalona. La ruta es far\u00e0 aquest dissabte, 17 de desembre, a les 11 hores i s&#8217;iniciar\u00e0 des de\u00a0 la Pla\u00e7a [&hellip;]<\/p>\n","protected":false},"author":2,"featured_media":4547,"comment_status":"open","ping_status":"open","sticky":false,"template":"","format":"standard","meta":{"footnotes":""},"categories":[23],"tags":[],"class_list":{"0":"post-4546","1":"post","2":"type-post","3":"status-publish","4":"format-standard","5":"has-post-thumbnail","7":"category-actualitat"},"_links":{"self":[{"href":"https:\/\/areabadalona.com\/diario\/wp-json\/wp\/v2\/posts\/4546","targetHints":{"allow":["GET"]}}],"collection":[{"href":"https:\/\/areabadalona.com\/diario\/wp-json\/wp\/v2\/posts"}],"about":[{"href":"https:\/\/areabadalona.com\/diario\/wp-json\/wp\/v2\/types\/post"}],"author":[{"embeddable":true,"href":"https:\/\/areabadalona.com\/diario\/wp-json\/wp\/v2\/users\/2"}],"replies":[{"embeddable":true,"href":"https:\/\/areabadalona.com\/diario\/wp-json\/wp\/v2\/comments?post=4546"}],"version-history":[{"count":1,"href":"https:\/\/areabadalona.com\/diario\/wp-json\/wp\/v2\/posts\/4546\/revisions"}],"predecessor-version":[{"id":4548,"href":"https:\/\/areabadalona.com\/diario\/wp-json\/wp\/v2\/posts\/4546\/revisions\/4548"}],"wp:featuredmedia":[{"embeddable":true,"href":"https:\/\/areabadalona.com\/diario\/wp-json\/wp\/v2\/media\/4547"}],"wp:attachment":[{"href":"https:\/\/areabadalona.com\/diario\/wp-json\/wp\/v2\/media?parent=4546"}],"wp:term":[{"taxonomy":"category","embeddable":true,"href":"https:\/\/areabadalona.com\/diario\/wp-json\/wp\/v2\/categories?post=4546"},{"taxonomy":"post_tag","embeddable":true,"href":"https:\/\/areabadalona.com\/diario\/wp-json\/wp\/v2\/tags?post=4546"}],"curies":[{"name":"wp","href":"https:\/\/api.w.org\/{rel}","templated":true}]}}