{"id":4543,"date":"2022-12-16T10:00:14","date_gmt":"2022-12-16T10:00:14","guid":{"rendered":"https:\/\/areabadalona.com\/diario\/?p=4543"},"modified":"2022-12-16T10:00:15","modified_gmt":"2022-12-16T10:00:15","slug":"badalona-acull-el-24-de-desembre-la-cursa-familiar-nadalenca","status":"publish","type":"post","link":"https:\/\/areabadalona.com\/diario\/2022\/12\/16\/badalona-acull-el-24-de-desembre-la-cursa-familiar-nadalenca\/","title":{"rendered":"Badalona acull el 24 de desembre la cursa familiar \u2018Nadalenca\u2019\u00a0"},"content":{"rendered":"\n<p>El pr\u00f2xim dissabte 24 de desembre al mat\u00ed Badalona ser\u00e0 escenari de la cursa-marxa familiar Nadalenca, un esdeveniment per omplir els carrers de la ciutat de l\u2019esperit festiu d\u2019aquestes dates gr\u00e0cies a l\u2019esport. A partir de les 11 hores les persones que vulguin participar podran fer un recorregut de 3 kil\u00f2metres, sigui corrents o caminant, amb sortida i arribada al passeig de la Rambla, a l\u2019altura del monument de Roca i Pi. En finalitzar la prova hi haur\u00e0 una xocolatada, m\u00fasica i animaci\u00f3. &nbsp;<\/p>\n\n\n\n<p>Les inscripcions a la prova, que es poden fer a trav\u00e9s del web <a href=\"http:\/\/www.bsevents.cat\">www.bsevents.cat<\/a>, tenen un cost de 5 euros i inclouen la participaci\u00f3, un barret de Pare Noel i la xocolatada. Tamb\u00e9 es podran fer inscripcions el mateix dia de la cursa en el punt de sortida amb un cost de 6 euros. La recollida del dorsal i del barret es podr\u00e0 fer el divendres 23 al Decathlon de Badalona o el dissabte 24 a la l\u00ednia de sortida de la prova. &nbsp;<\/p>\n\n\n\n<p>La \u2018Nadalenca\u2019 de Badalona inclou premis en categoria masculina, femenina i persones en cadires de rodes, per\u00f2 ser\u00e0 imprescindible portar el barret de Pare Noel en el moment de creuar la l\u00ednia de meta.&nbsp;<\/p>\n","protected":false},"excerpt":{"rendered":"<p>El pr\u00f2xim dissabte 24 de desembre al mat\u00ed Badalona ser\u00e0 escenari de la cursa-marxa familiar Nadalenca, un esdeveniment per omplir els carrers de la ciutat de l\u2019esperit festiu d\u2019aquestes dates gr\u00e0cies a l\u2019esport. A partir de les 11 hores les persones que vulguin participar podran fer un recorregut de 3 kil\u00f2metres, sigui corrents o caminant, [&hellip;]<\/p>\n","protected":false},"author":2,"featured_media":4544,"comment_status":"open","ping_status":"open","sticky":false,"template":"","format":"standard","meta":{"footnotes":""},"categories":[23],"tags":[],"class_list":{"0":"post-4543","1":"post","2":"type-post","3":"status-publish","4":"format-standard","5":"has-post-thumbnail","7":"category-actualitat"},"_links":{"self":[{"href":"https:\/\/areabadalona.com\/diario\/wp-json\/wp\/v2\/posts\/4543","targetHints":{"allow":["GET"]}}],"collection":[{"href":"https:\/\/areabadalona.com\/diario\/wp-json\/wp\/v2\/posts"}],"about":[{"href":"https:\/\/areabadalona.com\/diario\/wp-json\/wp\/v2\/types\/post"}],"author":[{"embeddable":true,"href":"https:\/\/areabadalona.com\/diario\/wp-json\/wp\/v2\/users\/2"}],"replies":[{"embeddable":true,"href":"https:\/\/areabadalona.com\/diario\/wp-json\/wp\/v2\/comments?post=4543"}],"version-history":[{"count":1,"href":"https:\/\/areabadalona.com\/diario\/wp-json\/wp\/v2\/posts\/4543\/revisions"}],"predecessor-version":[{"id":4545,"href":"https:\/\/areabadalona.com\/diario\/wp-json\/wp\/v2\/posts\/4543\/revisions\/4545"}],"wp:featuredmedia":[{"embeddable":true,"href":"https:\/\/areabadalona.com\/diario\/wp-json\/wp\/v2\/media\/4544"}],"wp:attachment":[{"href":"https:\/\/areabadalona.com\/diario\/wp-json\/wp\/v2\/media?parent=4543"}],"wp:term":[{"taxonomy":"category","embeddable":true,"href":"https:\/\/areabadalona.com\/diario\/wp-json\/wp\/v2\/categories?post=4543"},{"taxonomy":"post_tag","embeddable":true,"href":"https:\/\/areabadalona.com\/diario\/wp-json\/wp\/v2\/tags?post=4543"}],"curies":[{"name":"wp","href":"https:\/\/api.w.org\/{rel}","templated":true}]}}