{"id":4540,"date":"2022-12-16T09:56:33","date_gmt":"2022-12-16T09:56:33","guid":{"rendered":"https:\/\/areabadalona.com\/diario\/?p=4540"},"modified":"2022-12-16T09:56:34","modified_gmt":"2022-12-16T09:56:34","slug":"la-guardia-urbana-badalona-decomissa-prop-de-3-000-productes-dun-supermercat","status":"publish","type":"post","link":"https:\/\/areabadalona.com\/diario\/2022\/12\/16\/la-guardia-urbana-badalona-decomissa-prop-de-3-000-productes-dun-supermercat\/","title":{"rendered":"La Gu\u00e0rdia Urbana Badalona decomissa prop de 3.000 productes d\u2019un supermercat\u00a0"},"content":{"rendered":"\n<p>La Gu\u00e0rdia Urbana de Badalona, conjuntament amb el Servei de Salut de l\u2019Ajuntament, ha decomissat prop de 3.000 productes d\u2019un supermercat situat al barri de Bufal\u00e0. Aquests productes, b\u00e0sicament aliments congelats, embotits, l\u00e0ctics i gelats, presentaven problemes de caducitat i no havien respectat la cadena de fred. &nbsp;<\/p>\n\n\n\n<p>Els productes s\u2019han retirat de l\u2019establiment per a la seva posterior eliminaci\u00f3 davant del risc de no reunir les condicions necess\u00e0ries per a ser aptes per al consum. La intervenci\u00f3 dels agents s\u2019ha produ\u00eft despr\u00e9s de l\u2019alerta de diversos clients en detectar aquesta situaci\u00f3. &nbsp;<\/p>\n\n\n\n<p>T\u00e8cnics municipals han inspeccionat l\u2019establiment i han aixecat actes davant les irregularitats en l\u2019emmagatzematge at\u00e8s que han detectat p\u00e8rdua de la cadena de fred en quedar desconnectades les cambres frigor\u00edfiques durant la nit. &nbsp;<\/p>\n\n\n\n<p>L\u2019establiment est\u00e0 obert i pot comercialitzar els productes no caducats i aquells aliments no peribles.&nbsp;<\/p>\n","protected":false},"excerpt":{"rendered":"<p>La Gu\u00e0rdia Urbana de Badalona, conjuntament amb el Servei de Salut de l\u2019Ajuntament, ha decomissat prop de 3.000 productes d\u2019un supermercat situat al barri de Bufal\u00e0. Aquests productes, b\u00e0sicament aliments congelats, embotits, l\u00e0ctics i gelats, presentaven problemes de caducitat i no havien respectat la cadena de fred. &nbsp; Els productes s\u2019han retirat de l\u2019establiment per [&hellip;]<\/p>\n","protected":false},"author":2,"featured_media":4541,"comment_status":"open","ping_status":"open","sticky":false,"template":"","format":"standard","meta":{"footnotes":""},"categories":[23,24],"tags":[],"class_list":{"0":"post-4540","1":"post","2":"type-post","3":"status-publish","4":"format-standard","5":"has-post-thumbnail","7":"category-actualitat","8":"category-societat"},"_links":{"self":[{"href":"https:\/\/areabadalona.com\/diario\/wp-json\/wp\/v2\/posts\/4540","targetHints":{"allow":["GET"]}}],"collection":[{"href":"https:\/\/areabadalona.com\/diario\/wp-json\/wp\/v2\/posts"}],"about":[{"href":"https:\/\/areabadalona.com\/diario\/wp-json\/wp\/v2\/types\/post"}],"author":[{"embeddable":true,"href":"https:\/\/areabadalona.com\/diario\/wp-json\/wp\/v2\/users\/2"}],"replies":[{"embeddable":true,"href":"https:\/\/areabadalona.com\/diario\/wp-json\/wp\/v2\/comments?post=4540"}],"version-history":[{"count":1,"href":"https:\/\/areabadalona.com\/diario\/wp-json\/wp\/v2\/posts\/4540\/revisions"}],"predecessor-version":[{"id":4542,"href":"https:\/\/areabadalona.com\/diario\/wp-json\/wp\/v2\/posts\/4540\/revisions\/4542"}],"wp:featuredmedia":[{"embeddable":true,"href":"https:\/\/areabadalona.com\/diario\/wp-json\/wp\/v2\/media\/4541"}],"wp:attachment":[{"href":"https:\/\/areabadalona.com\/diario\/wp-json\/wp\/v2\/media?parent=4540"}],"wp:term":[{"taxonomy":"category","embeddable":true,"href":"https:\/\/areabadalona.com\/diario\/wp-json\/wp\/v2\/categories?post=4540"},{"taxonomy":"post_tag","embeddable":true,"href":"https:\/\/areabadalona.com\/diario\/wp-json\/wp\/v2\/tags?post=4540"}],"curies":[{"name":"wp","href":"https:\/\/api.w.org\/{rel}","templated":true}]}}