{"id":4537,"date":"2022-12-16T09:55:15","date_gmt":"2022-12-16T09:55:15","guid":{"rendered":"https:\/\/areabadalona.com\/diario\/?p=4537"},"modified":"2022-12-16T09:55:16","modified_gmt":"2022-12-16T09:55:16","slug":"badalona-presenta-aquest-dissabte-la-programacio-de-reis-amb-un-concert-del-pot-petit-a-la-placa-del-president-tarradellas","status":"publish","type":"post","link":"https:\/\/areabadalona.com\/diario\/2022\/12\/16\/badalona-presenta-aquest-dissabte-la-programacio-de-reis-amb-un-concert-del-pot-petit-a-la-placa-del-president-tarradellas\/","title":{"rendered":"Badalona presenta aquest dissabte la programaci\u00f3 de Reis amb un concert d\u2019El Pot Petit a la pla\u00e7a del President Tarradellas \u00a0"},"content":{"rendered":"\n<p>Aquest <strong>dissabte 17 de desembre a les 18 hores<\/strong>, la pla\u00e7a del President Tarradellas acollir\u00e0 la presentaci\u00f3 de les activitats programades per Reis a Badalona. L\u2019acte comptar\u00e0 amb l\u2019actuaci\u00f3 del grup de m\u00fasica dedicat a la creaci\u00f3 i producci\u00f3 art\u00edstica per a p\u00fablic familiar El Pot Petit, que oferir\u00e0 una actuaci\u00f3 emmarcada en la gira <em>Vull cantar i vull ballar<\/em>. Amb motiu del concert i el muntatge i desmuntatge de l\u2019escenari &nbsp;l&#8217;avinguda Alfons XIII romandr\u00e0 tallada al tr\u00e0nsit en el tram compr\u00e8s entre els carrers Pau Claris i Ponent des de les 6.30 fins a les 22 hores.&nbsp;<\/p>\n\n\n\n<p>La campanya de Reis a Badalona d\u2019enguany permetr\u00e0 als m\u00e9s petits tornar a gaudir del ja tradicional Campament Reial, que canvia la seva ubicaci\u00f3 i es trasllada al parc de Can Solei i de Ca l\u2019Arn\u00fas, o la F\u00e0brica de Joguines dels Turnemis, que els dies 2, 3 i 4 de gener s\u2019instal\u00b7lar\u00e0 a la Nau 3 \u2013 Escorxador. Tamb\u00e9 podran visitar novament el vaixell i les cabines dels Reis d\u2019Orient i participar en les activitats que es faran al moll i a la pla\u00e7a de la Capitania del Port de Badalona. Les entrades per al Campament Reial i&nbsp; la F\u00e0brica de Joguines estaran disponibles partir del dilluns 19 de desembre al web i l\u2019aplicaci\u00f3 m\u00f2bil de l&#8217;Agenda Cultural Badalona. Per resoldre qualsevol dubte sobre aquestes activitats s\u2019ha habilitat el tel\u00e8fon de suport 681 341 645. &nbsp;<\/p>\n\n\n\n<p>Per preparar la rebuda a Ses Majestats, durant les darreres setmanes de desembre i la primera de gener es faran a les biblioteques municipals tallers de fanalets i narracions teatralitzades del conte <em>El fanalet d\u2019en Tasi<\/em>. Tamb\u00e9 s\u2019instal\u00b7laran arreu de la ciutat B\u00fasties Reials per poder deixar les cartes dirigides als Reis d\u2019Orient. &nbsp;<\/p>\n\n\n\n<p>Finalment, el dia 5 de gener a les 16.30 hores, Ses Majestats arribaran al port a bord del vaixell Ciutat de Badalona, on l\u2019alcalde els lliurar\u00e0 el pa, la sal i la clau per a qu\u00e8 puguin entrar a totes les llars de la ciutat. Posteriorment, recorreran la ciutat en la tradicional Cavalcada acompanyats de les seves comparses, la carrossa Carbonera i les desitjades carrosses dolces. Tota la comitiva estar\u00e0 dinamitzada pels emblem\u00e0tics Turnemis, encarregats d\u2019ajudar als Reis. Enguany la Cavalcada canvia el seu recorregut i finalitzar\u00e0 al carrer Sant Bru. &nbsp;<\/p>\n\n\n\n<p>Podeu consultar tots els horaris i detalls de la programaci\u00f3 de Reis a Badalona en el <a href=\"http:\/\/badalona.cat\/portalWeb\/badalona.portal?_nfpb=true&amp;_pageLabel=contingut_estatic&amp;dCollectionID=1378#wlp_contingut_estatic\">web municipal<\/a> i <a href=\"https:\/\/agendacultural.badalona.cat\/\">l\u2019Agenda Cultural Badalona<\/a>. &nbsp;<\/p>\n\n\n\n<p><strong>Nadal inclusiu i amb espais amigables&nbsp;<\/strong><\/p>\n\n\n\n<p>L\u2019Ajuntament de Badalona aposta per l\u2019organitzaci\u00f3 d\u2019uns actes de Nadal inclusius, que permetin gaudir a la ciutadania, i de manera espec\u00edfica als infants, en igualtat de condicions i sense discriminacions. Per aquest motiu, es reserven aparcament per a persones amb mobilitat redu\u00efda en diverses ubicacions on es fan les activitats i hi haur\u00e0 acc\u00e9s preferent sense cua al Campament Reial i a la F\u00e0brica de Joguines per a infants amb diversitat funcional, discapacitat intel\u00b7lectual i\/o trastorn mental. A m\u00e9s, com a novetat d\u2019enguany, en certes franges hor\u00e0ries, es reservar\u00e0 un espai amigable amb reducci\u00f3 d\u2019est\u00edmuls de so i llum, i sense aglomeracions ni sense llan\u00e7ament de caramels al Campament Reial i a la F\u00e0brica de Joguines. Tamb\u00e9 es reservar\u00e0 un espai d\u2019aquestes caracter\u00edstiques durant la Cavalcada de Reis en el tram del carrer Sant Bru compr\u00e8s entre el carrer de Mart\u00ed i Juli\u00e0 i la Riera de Canyad\u00f3. &nbsp;<\/p>\n\n\n\n<p>La regidora de Cultura i Mobilitat, Anna Maria Lara, ha explicat que \u00abaquest Nadal fem un pas m\u00e9s per a la inclusi\u00f3 i integraci\u00f3 de tots els infants en els actes principals com el Campament, la F\u00e0brica de Joguines, l&#8217;arribada dels Reis d&#8217;Orient i la tradicional Cavalcada perqu\u00e8 l&#8217;accessibilitat i l&#8217;adaptaci\u00f3 facin que tothom pugui participar i gaudir de la m\u00e0gia i la il\u00b7lusi\u00f3 d\u2019aquestes dates\u00bb&nbsp;<\/p>\n","protected":false},"excerpt":{"rendered":"<p>Aquest dissabte 17 de desembre a les 18 hores, la pla\u00e7a del President Tarradellas acollir\u00e0 la presentaci\u00f3 de les activitats programades per Reis a Badalona. L\u2019acte comptar\u00e0 amb l\u2019actuaci\u00f3 del grup de m\u00fasica dedicat a la creaci\u00f3 i producci\u00f3 art\u00edstica per a p\u00fablic familiar El Pot Petit, que oferir\u00e0 una actuaci\u00f3 emmarcada en la gira [&hellip;]<\/p>\n","protected":false},"author":2,"featured_media":4538,"comment_status":"open","ping_status":"open","sticky":false,"template":"","format":"standard","meta":{"footnotes":""},"categories":[23,25],"tags":[],"class_list":{"0":"post-4537","1":"post","2":"type-post","3":"status-publish","4":"format-standard","5":"has-post-thumbnail","7":"category-actualitat","8":"category-cultura"},"_links":{"self":[{"href":"https:\/\/areabadalona.com\/diario\/wp-json\/wp\/v2\/posts\/4537","targetHints":{"allow":["GET"]}}],"collection":[{"href":"https:\/\/areabadalona.com\/diario\/wp-json\/wp\/v2\/posts"}],"about":[{"href":"https:\/\/areabadalona.com\/diario\/wp-json\/wp\/v2\/types\/post"}],"author":[{"embeddable":true,"href":"https:\/\/areabadalona.com\/diario\/wp-json\/wp\/v2\/users\/2"}],"replies":[{"embeddable":true,"href":"https:\/\/areabadalona.com\/diario\/wp-json\/wp\/v2\/comments?post=4537"}],"version-history":[{"count":1,"href":"https:\/\/areabadalona.com\/diario\/wp-json\/wp\/v2\/posts\/4537\/revisions"}],"predecessor-version":[{"id":4539,"href":"https:\/\/areabadalona.com\/diario\/wp-json\/wp\/v2\/posts\/4537\/revisions\/4539"}],"wp:featuredmedia":[{"embeddable":true,"href":"https:\/\/areabadalona.com\/diario\/wp-json\/wp\/v2\/media\/4538"}],"wp:attachment":[{"href":"https:\/\/areabadalona.com\/diario\/wp-json\/wp\/v2\/media?parent=4537"}],"wp:term":[{"taxonomy":"category","embeddable":true,"href":"https:\/\/areabadalona.com\/diario\/wp-json\/wp\/v2\/categories?post=4537"},{"taxonomy":"post_tag","embeddable":true,"href":"https:\/\/areabadalona.com\/diario\/wp-json\/wp\/v2\/tags?post=4537"}],"curies":[{"name":"wp","href":"https:\/\/api.w.org\/{rel}","templated":true}]}}