{"id":4534,"date":"2022-12-16T09:54:02","date_gmt":"2022-12-16T09:54:02","guid":{"rendered":"https:\/\/areabadalona.com\/diario\/?p=4534"},"modified":"2022-12-16T09:54:02","modified_gmt":"2022-12-16T09:54:02","slug":"pas-definitiu-per-a-la-transformacio-de-lantiga-fabrica-caci-de-badalona-en-un-centre-tecnologic","status":"publish","type":"post","link":"https:\/\/areabadalona.com\/diario\/2022\/12\/16\/pas-definitiu-per-a-la-transformacio-de-lantiga-fabrica-caci-de-badalona-en-un-centre-tecnologic\/","title":{"rendered":"Pas definitiu per a la transformaci\u00f3 de l\u2019antiga f\u00e0brica CACI de Badalona en un centre tecnol\u00f2gic\u00a0"},"content":{"rendered":"\n<p>L\u2019Ajuntament de Badalona i la Universitat Polit\u00e8cnica de Catalunya (UPC) han fet avui un pas definitiu per al futur de l\u2019antiga f\u00e0brica CACI i transformar-la en un espai de coneixement tecnol\u00f2gic i de fabricaci\u00f3 digital. L\u2019antiga f\u00e0brica t\u00e8xtil, situada a tocar del passeig Mar\u00edtim de Badalona i amb 4.341 m<sup>2<\/sup> de superf\u00edcie, ser\u00e0 la seu de la Fundaci\u00f3 CIM UPC, el centre tecnol\u00f2gic de la UPC de refer\u00e8ncia mundial en l\u2019\u00e0mbit de la Fabricaci\u00f3 Avan\u00e7ada i de la Ind\u00fastria 4.0.&nbsp;<\/p>\n\n\n\n<p>Aquest migdia l\u2019alcalde de Badalona, Rub\u00e9n Guijarro; el rector de la UPC, Daniel Crespo; el primer tinent d\u2019Alcaldia de l\u2019Ajuntament de Badalona, \u00c0lex Montorn\u00e8s, i el director general de la Fundaci\u00f3 CIM de la UPC, Jos\u00e9 Mar\u00eda Cabrera, han signat a la sala de premsa de l\u2019edifici El Viver l\u2019<strong>Acord marc de col\u00b7laboraci\u00f3 per al desenvolupament del projecte de creaci\u00f3 d\u2019un espai de coneixement tecnol\u00f2gic i de fabricaci\u00f3 digital a l\u2019antiga f\u00e0brica CACI<\/strong>.&nbsp;<\/p>\n\n\n\n<p>Aquest Acord, que se subscriu despr\u00e9s de l\u2019Acord d\u2019intencions del passat mes d\u2019abril, \u00e9s l\u2019eina que permet a partir d\u2019ara procedir a les execucions de les obres, accedir a les dotacions pressupost\u00e0ries i establir el model de governan\u00e7a i de gesti\u00f3 per fer realitat la conversi\u00f3 de l\u2019antiga f\u00e0brica CACI en un centre d\u2019investigaci\u00f3 tecnol\u00f2gica, en un espai de fabricaci\u00f3 digital, de doc\u00e8ncia de postgrau i formaci\u00f3 professional. A m\u00e9s, la voluntat de l\u2019Ajuntament i la UPC, expressada en l\u2019Acord, \u00e9s que la privilegiada situaci\u00f3 de la CACI afavoreixi les oportunitats per connectar la ciutadania amb propostes tecnol\u00f2giques que han d\u2019esdevenir clau en el futur, i aix\u00ed, proporcionar oportunitats de divulgaci\u00f3 cient\u00edfica i d\u2019aprenentatge.&nbsp;<\/p>\n\n\n\n<p>Com a primera actuaci\u00f3 a executar a la qual es compromet l\u2019Acord signat \u00e9s la realitzaci\u00f3 de l\u2019estudi t\u00e8cnic preliminar que valori el cost de les obres i instal\u00b7lacions necess\u00e0ries per al trasllat de la Fundaci\u00f3 CIM a l\u2019edifici CACI que l\u2019Ajuntament de Badalona es compromet a encarregar en els pr\u00f2xims mesos. En aquest sentit, l\u2019Ajuntament disposa en el pressupost d\u2019inversions del 2022 de la quantitat de 3,5 milions d\u2019euros per a l\u2019adequaci\u00f3 i habilitaci\u00f3 de l\u2019edifici.&nbsp;<\/p>\n\n\n\n<p>Pel que fa a l\u2019estructura de govern i de gesti\u00f3, tant del projecte com del mateix espai CACI, estar\u00e0 formada inicialment per un Comit\u00e8 de Govern, un Consell Consultiu, i la Direcci\u00f3 executiva. Aix\u00ed mateix, es proposa una presid\u00e8ncia i vicepresid\u00e8ncia per part de l\u2019Ajuntament de Badalona i per part de la UPC, rotat\u00f2ries cada dos anys naturals, comen\u00e7ant el dia 1 de gener de 2023.&nbsp;<\/p>\n\n\n\n<p>L\u2019alcalde de Badalona, Rub\u00e9n Guijarro, ha manifestat que \u201cavui \u00e9s un dia hist\u00f2ric perqu\u00e8 posem fi al deute que ten\u00edem contret amb el futur de la CACI i aquest espai emblem\u00e0tic de la ciutat. Ens hem de felicitar perqu\u00e8 la triple col\u00b7laboraci\u00f3 de l\u2019Ajuntament amb la UPC i la Fundaci\u00f3 CIM va justament en la l\u00ednia de situar Badalona com a un espai per a la investigaci\u00f3 i que es projecta al futur com a ciutat capdavantera\u201d. L\u2019alcalde ha afegit que: \u201caquesta aposta del Govern municipal \u00e9s ferma i prova d\u2019aix\u00f2 \u00e9s la inversi\u00f3 ja aprovada de 3,5 milions per l\u2019Ajuntament i 3 milions d\u2019euros m\u00e9s procedents dels pressupostos generals de l\u2019Estat\u201d. &nbsp;<\/p>\n\n\n\n<p>El primer tinent d\u2019Alcaldia de l\u2019Ajuntament de Badalona, \u00c0lex Montorn\u00e8s, ha assenyalat que: \u201cavui presentem el Pla Funcional per a l\u2019edifici de la CACI amb l\u2019objectiu que la instal\u00b7laci\u00f3 de la Fundaci\u00f3 CIM-UPC en aquest espai emblem\u00e0tic de la nostra ciutat sigui una realitat ben aviat. Aix\u00ed, el Govern municipal fa una aposta clara pel desenvolupament econ\u00f2mic, per la innovaci\u00f3 i per la recerca universit\u00e0ria, per\u00f2 tamb\u00e9 obre la CACI a la ciutadania, posant les persones al centre de les pol\u00edtiques p\u00fabliques\u201d.&nbsp;<\/p>\n\n\n\n<p>El rector de la UPC, Daniel Crespo, ha afirmat que: \u00abavui fem un pas m\u00e9s en aquest cam\u00ed que ens ha de portar a fer de la CACI un espai on la recerca, la innovaci\u00f3, el servei al teixit empresarial i la vinculaci\u00f3 entre tecnologia i ciutadania es retroalimentin en benefici de Badalona i de tota la seva \u00e0rea d\u2019influ\u00e8ncia. La CACI \u00e9s un projecte que ens obre a noves oportunitats\u00bb.&nbsp;<\/p>\n\n\n\n<p><strong>Distribuci\u00f3 dels espais de l\u2019antiga f\u00e0brica CACI<\/strong><strong>&nbsp;<\/strong><\/p>\n\n\n\n<p>Previsi\u00f3 dels usos dels espais&nbsp;<\/p>\n\n\n\n<p>&#8211; <strong>Planta Baixa<\/strong> (PB): Ateneu de Fabricaci\u00f3 de Badalona i Planta Pilot del CIM&nbsp;<\/p>\n\n\n\n<p>&#8211; <strong>Primera Planta<\/strong> (P1): Incubadora\/coworking I4.0 i Planta Pilot&nbsp;<\/p>\n\n\n\n<p>&#8211; <strong>Segona Planta<\/strong> (P2): Aules Formaci\u00f3&nbsp;<\/p>\n\n\n\n<p>&#8211; <strong>Tercera Planta<\/strong> (P3): Oficines personal t\u00e8cnic FCCIM i Zona Expositiva&nbsp;<\/p>\n\n\n\n<p>&#8211; <strong>Quarta Planta<\/strong> (P4): Administraci\u00f3 i Serveis Generals&nbsp;<\/p>\n\n\n\n<p>&#8211; <strong>Cinquena Planta<\/strong> (P5): Direcci\u00f3 General i Sala de Juntes&nbsp;<\/p>\n","protected":false},"excerpt":{"rendered":"<p>L\u2019Ajuntament de Badalona i la Universitat Polit\u00e8cnica de Catalunya (UPC) han fet avui un pas definitiu per al futur de l\u2019antiga f\u00e0brica CACI i transformar-la en un espai de coneixement tecnol\u00f2gic i de fabricaci\u00f3 digital. L\u2019antiga f\u00e0brica t\u00e8xtil, situada a tocar del passeig Mar\u00edtim de Badalona i amb 4.341 m2 de superf\u00edcie, ser\u00e0 la seu [&hellip;]<\/p>\n","protected":false},"author":2,"featured_media":4535,"comment_status":"open","ping_status":"open","sticky":false,"template":"","format":"standard","meta":{"footnotes":""},"categories":[23],"tags":[],"class_list":{"0":"post-4534","1":"post","2":"type-post","3":"status-publish","4":"format-standard","5":"has-post-thumbnail","7":"category-actualitat"},"_links":{"self":[{"href":"https:\/\/areabadalona.com\/diario\/wp-json\/wp\/v2\/posts\/4534","targetHints":{"allow":["GET"]}}],"collection":[{"href":"https:\/\/areabadalona.com\/diario\/wp-json\/wp\/v2\/posts"}],"about":[{"href":"https:\/\/areabadalona.com\/diario\/wp-json\/wp\/v2\/types\/post"}],"author":[{"embeddable":true,"href":"https:\/\/areabadalona.com\/diario\/wp-json\/wp\/v2\/users\/2"}],"replies":[{"embeddable":true,"href":"https:\/\/areabadalona.com\/diario\/wp-json\/wp\/v2\/comments?post=4534"}],"version-history":[{"count":1,"href":"https:\/\/areabadalona.com\/diario\/wp-json\/wp\/v2\/posts\/4534\/revisions"}],"predecessor-version":[{"id":4536,"href":"https:\/\/areabadalona.com\/diario\/wp-json\/wp\/v2\/posts\/4534\/revisions\/4536"}],"wp:featuredmedia":[{"embeddable":true,"href":"https:\/\/areabadalona.com\/diario\/wp-json\/wp\/v2\/media\/4535"}],"wp:attachment":[{"href":"https:\/\/areabadalona.com\/diario\/wp-json\/wp\/v2\/media?parent=4534"}],"wp:term":[{"taxonomy":"category","embeddable":true,"href":"https:\/\/areabadalona.com\/diario\/wp-json\/wp\/v2\/categories?post=4534"},{"taxonomy":"post_tag","embeddable":true,"href":"https:\/\/areabadalona.com\/diario\/wp-json\/wp\/v2\/tags?post=4534"}],"curies":[{"name":"wp","href":"https:\/\/api.w.org\/{rel}","templated":true}]}}