{"id":4531,"date":"2022-12-15T13:14:38","date_gmt":"2022-12-15T13:14:38","guid":{"rendered":"https:\/\/areabadalona.com\/diario\/?p=4531"},"modified":"2022-12-15T13:14:38","modified_gmt":"2022-12-15T13:14:38","slug":"badalona-acull-aquest-diumenge-18-de-desembre-la-cursa-sant-silvestre-racc","status":"publish","type":"post","link":"https:\/\/areabadalona.com\/diario\/2022\/12\/15\/badalona-acull-aquest-diumenge-18-de-desembre-la-cursa-sant-silvestre-racc\/","title":{"rendered":"Badalona acull aquest diumenge 18 de desembre la cursa Sant Silvestre RACC\u00a0"},"content":{"rendered":"\n<p>La cursa <strong>Sant Silvestre RACC Badalona, Gran Premi Hyundai Motorprim<\/strong> tindr\u00e0 lloc aquest diumenge 18 de desembre amb dos circuits de 5 i 10 quil\u00f2metres i tamb\u00e9 es disputar\u00e0 la prova Sant Silvestre Kids, unes curses infantils dirigides a nens i nenes de fins a 13 anys en un circuit situat a la rambla del Gorg.&nbsp;<\/p>\n\n\n\n<p>La sortida dels circuits grans estar\u00e0 situada a l\u2019avinguda d\u2019Alfons XII, davant del Palau Municipal d\u2019Esports, a difer\u00e8ncia de les dues primeres edicions (els anys 2019 i 2020) amb sortida al passeig Mar\u00edtim. L\u2019arribada estar\u00e0 situada a la rambla del Gorg. &nbsp;<\/p>\n\n\n\n<p>L\u2019hora de sortida la cursa de 5k ser\u00e0 a les 9.15 hores, la sortida de 10k a les 10 hores i a partir de les 11.30 hores les curses Kids.&nbsp;<\/p>\n\n\n\n<p>La cursa Sant Silvestre RACC Badalona combina el vessant competitiu, amb la participaci\u00f3 d\u2019esportistes d\u2019elit, amb la participaci\u00f3 ciutadana i un aspecte m\u00e9s l\u00fadic, amb premis per als participants millors disfressats i la millor comparsa disfressada. A m\u00e9s, la cursa tamb\u00e9 col\u00b7labora amb iniciatives solid\u00e0ries amb aportacions a la Creu Roja del Barcelon\u00e8s Nord per ajudar als col\u00b7lectius m\u00e9s vulnerables.&nbsp;<\/p>\n\n\n\n<p>Per a les inscripcions, i m\u00e9s informaci\u00f3 sobre la cursa, cal visitar el web: <a href=\"https:\/\/www.santsilvestre.com\/\">https:\/\/www.santsilvestre.com\/<\/a> &nbsp;<\/p>\n\n\n\n<p>La recollida de la borsa del corredor i els dorsals es podr\u00e0 fer dissabte 17 de desembre de 10 a 20 hores a la Fira del Corredor que es trobar\u00e0 a l\u2019antiga f\u00e0brica de la CACI, a l\u2019avinguda d\u2019Eduard Maristany, 191 (acc\u00e9s des del passeig Mar\u00edtim). Diumenge tamb\u00e9 es podran recollir els dorsals a partir de les 8 del mat\u00ed a la zona de l\u2019arribada a la rambla del Gorg de Badalona.&nbsp;<\/p>\n\n\n\n<p>Aquest migdia a la sala de premsa de l\u2019edifici el Viver de l\u2019Ajuntament de Badalona ha tingut lloc la presentaci\u00f3 oficial de la cursa. En aquest acte, la quarta tinenta d\u2019alcaldia i regidora de l\u2019\u00c0mbit de Territori, Habitatge, Esports i Salut, Teresa Gonz\u00e1lez; ha fet una crida a la participaci\u00f3 \u201cperqu\u00e8 la Sant Silvestre \u00e9s una cursa d\u2019un gran nivell esportiu, amb un recorregut magn\u00edfic per a fer bones marques, i tamb\u00e9 \u00e9s una activitat esportiva i l\u00fadica que destaca pel seu magn\u00edfic ambient\u201d. &nbsp;<\/p>\n\n\n\n<p>En la presentaci\u00f3 tamb\u00e9 hi ha participat la presidenta de la Federaci\u00f3 Catalana d&#8217;Atletisme, Merc\u00e8 Rosich; el responsable de m\u00e0rqueting de Hyundai Motorprim, Javier L\u00f3pez i el responsable de m\u00e0rqueting de RACC, Albert Puigdemont.&nbsp;<\/p>\n\n\n\n<p>Tamb\u00e9 hi ha estat present el director t\u00e8cnic de la Sant Silvestre, Domingo L\u00f3pez, i alguns dels atletes d\u2019elit que participaran en les proves de 5 i 10 quil\u00f2metres. Entre els principals atletes que han confirmat la seva participaci\u00f3 destaquen a la prova de 10 quil\u00f2metres Ilias Fifa, Aar\u00f3n Las Heras, Jaume Leiva, Jordi Garcia, Driss Lakhouja, Juan Padra Malag\u00f3n, Bernat Kun i Oriol Ram\u00edrez. A la prova de 5 quil\u00f2metres destaquen Carlos S\u00e1ez, Jordi Pujol i Paula Blasi.&nbsp;<\/p>\n","protected":false},"excerpt":{"rendered":"<p>La cursa Sant Silvestre RACC Badalona, Gran Premi Hyundai Motorprim tindr\u00e0 lloc aquest diumenge 18 de desembre amb dos circuits de 5 i 10 quil\u00f2metres i tamb\u00e9 es disputar\u00e0 la prova Sant Silvestre Kids, unes curses infantils dirigides a nens i nenes de fins a 13 anys en un circuit situat a la rambla del [&hellip;]<\/p>\n","protected":false},"author":2,"featured_media":4532,"comment_status":"open","ping_status":"open","sticky":false,"template":"","format":"standard","meta":{"footnotes":""},"categories":[23,26],"tags":[],"class_list":{"0":"post-4531","1":"post","2":"type-post","3":"status-publish","4":"format-standard","5":"has-post-thumbnail","7":"category-actualitat","8":"category-esports"},"_links":{"self":[{"href":"https:\/\/areabadalona.com\/diario\/wp-json\/wp\/v2\/posts\/4531","targetHints":{"allow":["GET"]}}],"collection":[{"href":"https:\/\/areabadalona.com\/diario\/wp-json\/wp\/v2\/posts"}],"about":[{"href":"https:\/\/areabadalona.com\/diario\/wp-json\/wp\/v2\/types\/post"}],"author":[{"embeddable":true,"href":"https:\/\/areabadalona.com\/diario\/wp-json\/wp\/v2\/users\/2"}],"replies":[{"embeddable":true,"href":"https:\/\/areabadalona.com\/diario\/wp-json\/wp\/v2\/comments?post=4531"}],"version-history":[{"count":1,"href":"https:\/\/areabadalona.com\/diario\/wp-json\/wp\/v2\/posts\/4531\/revisions"}],"predecessor-version":[{"id":4533,"href":"https:\/\/areabadalona.com\/diario\/wp-json\/wp\/v2\/posts\/4531\/revisions\/4533"}],"wp:featuredmedia":[{"embeddable":true,"href":"https:\/\/areabadalona.com\/diario\/wp-json\/wp\/v2\/media\/4532"}],"wp:attachment":[{"href":"https:\/\/areabadalona.com\/diario\/wp-json\/wp\/v2\/media?parent=4531"}],"wp:term":[{"taxonomy":"category","embeddable":true,"href":"https:\/\/areabadalona.com\/diario\/wp-json\/wp\/v2\/categories?post=4531"},{"taxonomy":"post_tag","embeddable":true,"href":"https:\/\/areabadalona.com\/diario\/wp-json\/wp\/v2\/tags?post=4531"}],"curies":[{"name":"wp","href":"https:\/\/api.w.org\/{rel}","templated":true}]}}