{"id":4525,"date":"2022-12-15T13:11:48","date_gmt":"2022-12-15T13:11:48","guid":{"rendered":"https:\/\/areabadalona.com\/diario\/?p=4525"},"modified":"2022-12-15T13:11:48","modified_gmt":"2022-12-15T13:11:48","slug":"el-museu-de-badalona-tanca-la-programacio-de-lany-amb-la-celebracio-dels-100-anys-de-varon-dandy","status":"publish","type":"post","link":"https:\/\/areabadalona.com\/diario\/2022\/12\/15\/el-museu-de-badalona-tanca-la-programacio-de-lany-amb-la-celebracio-dels-100-anys-de-varon-dandy\/","title":{"rendered":"El Museu de Badalona tanca la programaci\u00f3 de l\u2019any amb la celebraci\u00f3 dels 100 anys de Varon Dandy\u00a0"},"content":{"rendered":"\n<p>Aquest 15 de desembre, just el dia abans de la celebraci\u00f3 dels 100 anys de Varon Dandy, el Museu de Badalona inaugura, a les 19 hores, la mostra que servir\u00e0 per rec\u00f3rrer la hist\u00f2ria, centrada sobretot en els primers anys, d\u2019una de les empreses m\u00e9s emblem\u00e0tiques de la ciutat i per rememorar la pres\u00e8ncia de Varon Dandy a moltes de les nostres llars.&nbsp;<\/p>\n\n\n\n<p>Fundada per Joan Parera l\u2019any 1912, l\u2019empresa va ser pionera en la creaci\u00f3 de diverses l\u00ednies de perfumeria, entre les quals va destacar especialment Varon Dandy, creada a partir de l\u2019arquetip de l\u2019home elegant i distingit que vestia a la moda anglesa de principis del segle XX, amb barret, guants i bast\u00f3, una imatge que tamb\u00e9 subratllava una indiscutible masculinitat. La marca va tenir molt \u00e8xit pr\u00e0cticament de seguida i l\u2019\u00fas del perfum, per\u00f2 tamb\u00e9 de la loci\u00f3 i el fixador, es va estendre entre tot tipus d\u2019homes.&nbsp;<\/p>\n\n\n\n<p>L\u2019empresa, que tamb\u00e9 va produir perfums femenins d\u2019\u00e8xit com Tentaci\u00f3n i Coca\u00edna en flor, va posar molta cura en el disseny dels envasos, tal com podrem veure en la mostra de prop de 200 flascons, envasos de cosm\u00e8tics i altres objectes, molts procedents de diverses col\u00b7leccions privades, que s\u2019inclouen en l\u2019exposici\u00f3. Tamb\u00e9 hi podrem veure una \u00e0mplia representaci\u00f3 d\u2019anuncis apareguts a la premsa que formen part del fons de m\u00e9s de 300 unitats que conserva el Museu i que serveixen per posar que important era la publicitat per a la marca de perfumeria m\u00e9s internacional de Badalona i una de les principals de tot el pa\u00eds.&nbsp;<\/p>\n\n\n\n<p>Encara que en una proporci\u00f3 m\u00e9s redu\u00efda, l\u2019exposici\u00f3, igual que el llibre, tamb\u00e9 tracta l\u2019etapa posterior a la Guerra Civil, amb marques tan conegudes com Prime Minister, Pyn\u2019s, Brando, Andros o Giovanna.&nbsp;<\/p>\n\n\n\n<p>El Museu us convida a gaudir d\u2019aquesta suggeridora exposici\u00f3 que us transportar\u00e0 a les olors de la infantesa i desitja que pugueu aprofitar les properes dates nadalenques per compartir l\u2019experi\u00e8ncia amb els vostres familiars i amics.&nbsp;<\/p>\n\n\n\n<p>L\u2019entrada \u00e9s gratu\u00efta i es pot visitar de dimarts a dissabte de 17 a 20 hores i diumenges de 10 a 14 hores.&nbsp;<\/p>\n\n\n\n<p>L\u2019exposici\u00f3 s\u2019acompanya de les activitats seg\u00fcents:&nbsp;<\/p>\n\n\n\n<p><strong>Dijous 19 de gener&nbsp;<\/strong><\/p>\n\n\n\n<p><em>El Museu del Perfum de Barcelona (Fundaci\u00f3 Planas Giralt).&nbsp;<\/em><\/p>\n\n\n\n<p>Rafa Burgos, historiador i periodista&nbsp;<\/p>\n\n\n\n<p>Rafa Burgos, gran coneixedor del tema, compartir\u00e0 amb nosaltres la g\u00e8nesi i les caracter\u00edstiques de la magn\u00edfica col\u00b7lecci\u00f3 de flascons i recipients de perfumeria i cosm\u00e8tica, de diversos per\u00edodes i llocs del m\u00f3n, que el 1963 es va convertir en el Museu del Perfum de Barcelona (Fundaci\u00f3 Planas Giralt).&nbsp;<\/p>\n\n\n\n<p><strong>Dimarts 24 de gener&nbsp;<\/strong><\/p>\n\n\n\n<p><em>200 a\u00f1os de Perfumer\u00eda Espa\u00f1ola&nbsp;<\/em><\/p>\n\n\n\n<p>Juanjo Ruiz Crivill\u00e9, col\u00b7leccionista&nbsp;<\/p>\n\n\n\n<p>Un dels col\u00b7leccionistes de peces de perfumeria i cosm\u00e8tica, de variada proced\u00e8ncia i cronologia, m\u00e9s destacats del nostre pa\u00eds ens descobrir\u00e0 la hist\u00f2ria de la perfumeria espanyola, en la qual Perfumeria Parera, ja al segle XX, va tenir un lloc molt important.&nbsp;<\/p>\n\n\n\n<p><strong>Dijous 26 de gener&nbsp;<\/strong><\/p>\n\n\n\n<p><em>El proc\u00e9s de creaci\u00f3 de marques de Perfumeria Parera&nbsp;<\/em><\/p>\n\n\n\n<p>Enric Bejiga, dissenyador gr\u00e0fic de Perfumeria Parera i mestre de taller de l\u2019Escola d\u2019Art Pau Gargallo&nbsp;<\/p>\n\n\n\n<p>L\u2019experi\u00e8ncia d\u2019Enric Bejiga a l\u2019empresa Perfumeria Parera ens aportar\u00e0 el coneixement del proc\u00e9s apassionant que representa la creaci\u00f3 de la imatge integral de diferents marques, i tamb\u00e9 ens mostrar\u00e0 que la creaci\u00f3 de productes nous es queda, de vegades, en el terreny de la proposta.&nbsp;<\/p>\n\n\n\n<p><strong>Dijous 2 de febrer&nbsp;<\/strong><\/p>\n\n\n\n<p><em>La publicitat de Perfumeria Parera d\u2019abans de la Guerra Civil&nbsp;<\/em><\/p>\n\n\n\n<p>N\u00faria Casals, historiadora&nbsp;<\/p>\n\n\n\n<p>Dibuixos, grafisme i fotografies aplicats a la publicitat, sovint per professionals amb molt de talent i no sempre coneguts, seran els protagonistes d\u2019aquesta xerrada. Hi trobarem, plasmades en anuncis, imatges suggeridores, seductores i plenes de glamur, per\u00f2 tamb\u00e9 fresques, familiars i juvenils, i de vegades amb algun detall sorprenent. Descobrirem igualment publicitat radiof\u00f2nica de l\u2019\u00e8poca,&nbsp;<\/p>\n\n\n\n<p><strong>Dijous 9 de febrer&nbsp;<\/strong><\/p>\n\n\n\n<p><em>De la ind\u00fastria de perfumeria a l\u2019artesania del perfum&nbsp;<\/em><\/p>\n\n\n\n<p>Esperan\u00e7a Cases, mestra artesana perfumista&nbsp;<\/p>\n\n\n\n<p>L\u2019\u00fanica mestra artesana perfumista del pa\u00eds, especialitzada en perfumeria experimental i amb experi\u00e8ncia a Perfumeria Parera, ens portar\u00e0 de viatge al m\u00f3n de les ess\u00e8ncies naturals i compartir\u00e0 amb nosaltres les seves experimentacions.&nbsp;<\/p>\n","protected":false},"excerpt":{"rendered":"<p>Aquest 15 de desembre, just el dia abans de la celebraci\u00f3 dels 100 anys de Varon Dandy, el Museu de Badalona inaugura, a les 19 hores, la mostra que servir\u00e0 per rec\u00f3rrer la hist\u00f2ria, centrada sobretot en els primers anys, d\u2019una de les empreses m\u00e9s emblem\u00e0tiques de la ciutat i per rememorar la pres\u00e8ncia de [&hellip;]<\/p>\n","protected":false},"author":2,"featured_media":4526,"comment_status":"open","ping_status":"open","sticky":false,"template":"","format":"standard","meta":{"footnotes":""},"categories":[23,25],"tags":[],"class_list":{"0":"post-4525","1":"post","2":"type-post","3":"status-publish","4":"format-standard","5":"has-post-thumbnail","7":"category-actualitat","8":"category-cultura"},"_links":{"self":[{"href":"https:\/\/areabadalona.com\/diario\/wp-json\/wp\/v2\/posts\/4525","targetHints":{"allow":["GET"]}}],"collection":[{"href":"https:\/\/areabadalona.com\/diario\/wp-json\/wp\/v2\/posts"}],"about":[{"href":"https:\/\/areabadalona.com\/diario\/wp-json\/wp\/v2\/types\/post"}],"author":[{"embeddable":true,"href":"https:\/\/areabadalona.com\/diario\/wp-json\/wp\/v2\/users\/2"}],"replies":[{"embeddable":true,"href":"https:\/\/areabadalona.com\/diario\/wp-json\/wp\/v2\/comments?post=4525"}],"version-history":[{"count":1,"href":"https:\/\/areabadalona.com\/diario\/wp-json\/wp\/v2\/posts\/4525\/revisions"}],"predecessor-version":[{"id":4527,"href":"https:\/\/areabadalona.com\/diario\/wp-json\/wp\/v2\/posts\/4525\/revisions\/4527"}],"wp:featuredmedia":[{"embeddable":true,"href":"https:\/\/areabadalona.com\/diario\/wp-json\/wp\/v2\/media\/4526"}],"wp:attachment":[{"href":"https:\/\/areabadalona.com\/diario\/wp-json\/wp\/v2\/media?parent=4525"}],"wp:term":[{"taxonomy":"category","embeddable":true,"href":"https:\/\/areabadalona.com\/diario\/wp-json\/wp\/v2\/categories?post=4525"},{"taxonomy":"post_tag","embeddable":true,"href":"https:\/\/areabadalona.com\/diario\/wp-json\/wp\/v2\/tags?post=4525"}],"curies":[{"name":"wp","href":"https:\/\/api.w.org\/{rel}","templated":true}]}}