{"id":4495,"date":"2022-12-07T11:40:15","date_gmt":"2022-12-07T11:40:15","guid":{"rendered":"https:\/\/areabadalona.com\/diario\/?p=4495"},"modified":"2022-12-07T11:40:15","modified_gmt":"2022-12-07T11:40:15","slug":"activitats-de-la-xarxa-de-biblioteques-municipals-de-badalona-per-al-mes-de-desembre","status":"publish","type":"post","link":"https:\/\/areabadalona.com\/diario\/2022\/12\/07\/activitats-de-la-xarxa-de-biblioteques-municipals-de-badalona-per-al-mes-de-desembre\/","title":{"rendered":"Activitats de la Xarxa de Biblioteques Municipals de Badalona per al mes de desembre\u00a0"},"content":{"rendered":"\n<p>La Xarxa de Biblioteques Municipals de Badalona han preparat i adaptat les seves activitats per a Nadal i Reis, unes de les dates m\u00e9s esperades de l\u2019any. Tornen les activitats vinculades a la tradici\u00f3 local com els Pastorets, el Fanalet i la Crida als Reis.&nbsp;<\/p>\n\n\n\n<p>Enguany destaca l\u2019estrena de l\u2019espectacle \u2018El fanalet d\u2019en Tasi\u2019, una adaptaci\u00f3 teatral d\u2019aquest conte inspirat en una llegenda local a c\u00e0rrec de la Companyia Sus4, sota la dramat\u00fargia i direcci\u00f3 de J\u00falia Cortina; els tallers de construcci\u00f3 de fanalets que venen amb una proposta sorprenent, i les representacions de tastets de Pastorets a c\u00e0rrec de La Dram\u00e0tica d\u2019El C\u00edrcol.&nbsp;<\/p>\n\n\n\n<p>Les biblioteques presenten un reguitzell de propostes de contes i tallers d\u2019inspiraci\u00f3 nadalenca. A m\u00e9s, els dissabtes 3, 10 i 17 de desembre, taller de jocs de taula a la Sala Josep Ucl\u00e9s del Centre Cultural el Carme (Biblioteca Can Casacuberta), a partir de les 11.30 hores.&nbsp;<\/p>\n\n\n\n<p>Altres propostes s\u00f3n la presentaci\u00f3 a la Biblioteca Sant Roc de l\u2019espectacle \u201cSoc una nou\u201d de l\u2019actriu Gemma Bri\u00f3 i per al p\u00fablic adult es destaca la visita guiada a l\u2019exposici\u00f3 \u201cPerfumeria Parera. 100 anys de Varon Dandy\u201d, al Museu de Badalona dins del cicle Va de Novel\u00b7la Hist\u00f2rica, tamb\u00e9 a la biblioteca Canyad\u00f3 i Casagemes \u2013 Joan Argent\u00e9, la xerrada \u201cEl pa amb el gust de sempre\u201d a c\u00e0rrec del flequer badalon\u00ed Xavier Barriga, i les dues presentacions de llibre: <em>Historia de una mujer libre<\/em>, de Carmen Sanz Lastra, i <em>Voces prisioneras<\/em>, d\u2019Esther Gri\u00f1\u00f3 Verde.&nbsp;<\/p>\n\n\n\n<p><strong><u>L\u2019HORA DEL CONTE&nbsp;<\/u><\/strong><\/p>\n\n\n\n<p>Totes les activitats d\u2019aquest espai \u201cL\u2019Hora del conte\u201d requereixen inscripci\u00f3 pr\u00e8via. M\u00e9s informaci\u00f3 a: <a href=\"https:\/\/badabiblios.cat\/fons-local\/\">badabiblios.cat<\/a> &nbsp;<\/p>\n\n\n\n<p><strong>Petons que sonen pels racons &nbsp;<\/strong><\/p>\n\n\n\n<p>Dijous 1 a les 18 h a la Sala Josep Ucl\u00e9s (Biblioteca Can Casacuberta) &nbsp;<\/p>\n\n\n\n<p>Conte per a nadons, a c\u00e0rrec de M\u00f2nica Torra&nbsp;<\/p>\n\n\n\n<p><strong>Tamb\u00e9 rosa i blau&nbsp;<\/strong><\/p>\n\n\n\n<p>Dilluns 5 a les 18 h a la Biblioteca Sant Roc&nbsp;<\/p>\n\n\n\n<p>A c\u00e0rrec de la companyia Fes-t\u2019ho com vulguis &nbsp;<\/p>\n\n\n\n<p><strong>En Maties i l&#8217;estel, <\/strong>de Max Bolliger &nbsp;<\/p>\n\n\n\n<p>Dimecres 7 a les 17.30 h a la Biblioteca Pomar&nbsp;<\/p>\n\n\n\n<p>A continuaci\u00f3: taller relacionat amb els contes &nbsp;<\/p>\n\n\n\n<p><strong>Soc una nou<\/strong>, de Beatriz Os\u00e9s&nbsp;<\/p>\n\n\n\n<p>Dimecres 14 a les 18 h a la Biblioteca Sant Roc&nbsp;<\/p>\n\n\n\n<p>A c\u00e0rrec de Gemma Bri\u00f3&nbsp;<\/p>\n\n\n\n<p>Es sortejaran 5 entrades dobles per a la representaci\u00f3 del conte a c\u00e0rrec de la companyia companyia Zum Zum Teatre pel 18 de desembre al Teatre Margarida Xirgu, a les 18h. En col\u00b7laboraci\u00f3 amb Badalona Cultura&nbsp;<\/p>\n\n\n\n<p><strong>L\u2019Ol\u00edvia es prepara per al Nadal<\/strong>, d\u2019Ian Falconer&nbsp;<\/p>\n\n\n\n<p>Dimecres 14 a les 17.30 h a la Biblioteca Pomar&nbsp;<\/p>\n\n\n\n<p>A continuaci\u00f3: taller relacionat amb els contes &nbsp;<\/p>\n\n\n\n<p><strong>Tastet dels Pastorets&nbsp;<\/strong><\/p>\n\n\n\n<p>Del 13 al 15 de desembre a les biblioteques Pomar, Llefi\u00e0-Xavier Soto i Sant Roc. A c\u00e0rrec del grup de teatre La Dram\u00e0tica d\u2019El C\u00edrcol&nbsp;<\/p>\n\n\n\n<p>\u2022&nbsp;&nbsp;&nbsp;&nbsp;&nbsp;&nbsp;&nbsp;&nbsp;&nbsp; Dimarts 13 a les 17.30 h a la Biblioteca Pomar \u2013 Casal C\u00edvic&nbsp;<\/p>\n\n\n\n<p>\u2022&nbsp;&nbsp;&nbsp;&nbsp;&nbsp;&nbsp;&nbsp;&nbsp;&nbsp; Dimecres 14 a les 17.30 h a la Biblioteca Llefi\u00e0-Xavier Soto&nbsp;<\/p>\n\n\n\n<p>\u2022&nbsp;&nbsp;&nbsp;&nbsp;&nbsp;&nbsp;&nbsp;&nbsp;&nbsp; Dijous 15 a les 17.30 h a la Biblioteca Sant Roc&nbsp;<\/p>\n\n\n\n<p><strong>Els reis d&#8217;orient i el misteri del camell perdut,<\/strong> de Joan Boer&nbsp;<\/p>\n\n\n\n<p>Dijous 15 a les 18 h a la Sala Josep Ucl\u00e9s (Biblioteca Can Casacuberta). Seguit d\u2019un&nbsp; taller de creaci\u00f3 de boles de desitjos nadalencs que posteriorment s\u2019exposaran a l\u2019Hospital municipal. &nbsp;<\/p>\n\n\n\n<p><strong>El Ti\u00f3 al pa\u00eds dels contes<\/strong>, de Vivim del Cuentu&nbsp;<\/p>\n\n\n\n<p>Dimecres 21 a les 17.30 h a la Biblioteca Pomar&nbsp;<\/p>\n\n\n\n<p>A continuaci\u00f3: taller relacionat amb els contes&nbsp;&nbsp;&nbsp;&nbsp;&nbsp;&nbsp;&nbsp;&nbsp;&nbsp;&nbsp;&nbsp; &nbsp;<\/p>\n\n\n\n<p><strong>The night before Christmas<\/strong>, de Clement C. Moore &nbsp;<\/p>\n\n\n\n<p>Dijous 22 a 18 h a la Sala Josep Ucl\u00e9s (Biblioteca Can Casacuberta). Conte en angl\u00e8s&nbsp;<\/p>\n\n\n\n<p>Conte teatralitzat <strong>\u201cEl fanalet d\u2019en Tasi\u201d<\/strong>&nbsp;<\/p>\n\n\n\n<p>Del 27 de desembre al 4 de gener, a totes les biblioteques. A c\u00e0rrec de la Companyia Sus4. Dramat\u00fargia i direcci\u00f3 a c\u00e0rrec de J\u00falia Cortina&nbsp;<\/p>\n\n\n\n<p>&#8211; Dimarts 27 a les 17:30 h a la Biblioteca Canyad\u00f3 i Casagemes &#8211; Joan Argent\u00e9&nbsp;<\/p>\n\n\n\n<p>&#8211; Dijous 29 a les 12 h a la Sala Josep Ucl\u00e9s (Biblioteca Can Casacuberta)&nbsp;<\/p>\n\n\n\n<p>&#8211; Dilluns 2 a les 17.30 h a la Biblioteca Llefi\u00e0 &#8211; Xavier Soto&nbsp;<\/p>\n\n\n\n<p>&#8211; Dimarts 3 a les 17.30 h a la Biblioteca Lloreda&nbsp;<\/p>\n\n\n\n<p>&#8211; Dimecres 4 a les 17.30 h a la Biblioteca Pomar. Es far\u00e0 a l&#8217;exterior en col\u00b7laboraci\u00f3 amb l\u2019AAVV de Pomar.&nbsp;<\/p>\n\n\n\n<p>&#8211; Dimecres 5 a les 11 h a la Biblioteca Sant Roc&nbsp;<\/p>\n\n\n\n<p><strong>Espectacle Ruskus Patruskus: It&#8217;s Magic!&nbsp;<\/strong><\/p>\n\n\n\n<p>Dimecres 11 de gener a les 17.30 h a la Biblioteca Llefi\u00e0 &#8211; Xavier Soto&nbsp;<\/p>\n\n\n\n<p>Espectacle en angl\u00e8s que gira al voltant de la m\u00e0gia, per\u00f2 des del punt de vista d&#8217;un pallasso.&nbsp;<\/p>\n\n\n\n<p>A c\u00e0rrec de la Companyia Ruskus Patruskus&nbsp;<\/p>\n\n\n\n<p><strong><u>TALLERS DE NADAL I REIS&nbsp;<\/u><\/strong><\/p>\n\n\n\n<p><strong>Fes el teu ti\u00f3 de Nadal&nbsp;<\/strong><\/p>\n\n\n\n<p>Divendres 2, a les 17.30 h a la Biblioteca Llefi\u00e0 &#8211; Xavier Soto&nbsp;<\/p>\n\n\n\n<p><strong>Tallers de boles de Nadal&nbsp;<\/strong><\/p>\n\n\n\n<p>Dissabtes 3 i 10 de desembre a la Biblioteca Canyad\u00f3 i Casagemes \u2013 Joan Argent\u00e9.&nbsp;<\/p>\n\n\n\n<p><strong>Fem el pessebre!&nbsp;<\/strong><\/p>\n\n\n\n<p>Dimarts 13 a les 17.30 h a la Biblioteca Canyad\u00f3 i Casagemes &#8211; Joan Argent\u00e9&nbsp;<\/p>\n\n\n\n<p><strong>Fem galetes de Nadal!&nbsp;<\/strong><\/p>\n\n\n\n<p>Dimecres 14 a les 17.30 h a la Biblioteca Lloreda.&nbsp;<\/p>\n\n\n\n<p>Prepararem unes galetes bon\u00edssimes i molt f\u00e0cils&nbsp;<\/p>\n\n\n\n<p><strong>Manualitats infantils especial Nadal&nbsp;<\/strong><\/p>\n\n\n\n<p>Dijous 15 a les 17.30 h a la Biblioteca Pomar&nbsp; &nbsp;<\/p>\n\n\n\n<p><strong>Fem el fanalet de Reis &nbsp;<\/strong><\/p>\n\n\n\n<p>Del 19 de desembre al 5 de gener, a totes les biblioteques&nbsp;<\/p>\n\n\n\n<p>Vine a construir el teu fanalet de Reis&nbsp;<\/p>\n\n\n\n<p>A c\u00e0rrec d\u2019en Joan Sallas i Joan Giralt&nbsp;<\/p>\n\n\n\n<p>&#8211; Dilluns 19 a les 18 h a la Biblioteca Sant Roc&nbsp;<\/p>\n\n\n\n<p>&#8211; Dimarts 20 a les 17.30 h i a les 18.30 h, dues sessions a les biblioteques Lloreda i a Canyad\u00f3 i Casagemes &#8211; Joan Argent\u00e9&nbsp;<\/p>\n\n\n\n<p>&#8211; Dimecres 21 a les 17.30 h i a les 18.30 h, dues sessions a la Biblioteca Llefi\u00e0 &#8211; Xavier Soto&nbsp;<\/p>\n\n\n\n<p>&#8211; Dilluns 2 a les 17 h i a les 18 h a la Biblioteca Pomar&nbsp;<\/p>\n\n\n\n<p>&#8211; Dijous 5 a les 11 i a les 12 h a la Sala Josep Ucl\u00e9s (Biblioteca Can Casacuberta)&nbsp;<\/p>\n\n\n\n<p><strong>Jocs de taula&nbsp;<\/strong><\/p>\n\n\n\n<p>Els dissabtes 3, 10, 17 a les 11.30 h, a la Sala Josep Ucl\u00e9s (Biblioteca Can Casacuberta). Els dissabtes a la Sala Josep Ucl\u00e9s trobareu un munt de jocs de taula per jugar amb els amics o la fam\u00edlia. Jocs per a desenvolupar l\u2019enginy, ampliar els coneixements i descobrir noves maneres de passar-s\u2019ho b\u00e9.&nbsp;<\/p>\n\n\n\n<p><strong><u>COMPARTIM EL CONEIXEMENT&nbsp;<\/u><\/strong><\/p>\n\n\n\n<p>Per a p\u00fablic adult&nbsp;<\/p>\n\n\n\n<p><strong>Xerrada \u201cEl pa amb el gust de sempre\u201d &nbsp;<\/strong><\/p>\n\n\n\n<p>Dijous 1 a les 18.30 h a la Biblioteca Canyad\u00f3 i Casagemes &#8211; Joan Argent\u00e9. A c\u00e0rrec de Xavier Barriga, flequer badalon\u00ed de quarta generaci\u00f3. &nbsp;<\/p>\n\n\n\n<p><strong>Visita guiada a l\u2019exposici\u00f3 \u201cPerfumeria Parera. 100 anys de Varon Dandy\u201d&nbsp;<\/strong><\/p>\n\n\n\n<p>Dins del cicle Va de Novel\u00b7la Hist\u00f2rica&nbsp;<\/p>\n\n\n\n<p>Dimarts 20 a les 19 h al Museu de Badalona&nbsp;<\/p>\n\n\n\n<p><strong><u>PRESENTACI\u00d3 DE LLIBRES&nbsp;<\/u><\/strong><\/p>\n\n\n\n<p><strong><em>Historia de una mujer libre<\/em><\/strong><strong>,<\/strong> de Carmen Sanz Lastra&nbsp;<\/p>\n\n\n\n<p>Divendres 2 a les 18.30 h a la Biblioteca Canyad\u00f3 i Casagemes &#8211; Joan Argent\u00e9&nbsp;<\/p>\n\n\n\n<p>A c\u00e0rrec de la seva autora, Carmen Sanz Lastra i de Josep Maria Blanco Pont, Doctor en Ci\u00e8ncies de la Informaci\u00f3 per la UAB&nbsp;<\/p>\n\n\n\n<p><strong><em>Voces prisioneras<\/em><\/strong>, d\u2019Esther Gri\u00f1\u00f3 Verde&nbsp;&nbsp;&nbsp;&nbsp;&nbsp;&nbsp;&nbsp; &nbsp;<\/p>\n\n\n\n<p>Dijous 15, a les 18.30 h, a la Biblioteca Canyad\u00f3 i Casagemes &#8211; Joan Argent\u00e9&nbsp;<\/p>\n\n\n\n<p>A c\u00e0rrec de la seva autora, Esther Gri\u00f1\u00f3 Verde&nbsp;<\/p>\n\n\n\n<p>* Totes les activitats tenen un aforament limitat, per tant, es recomana fer inscripci\u00f3 pr\u00e8via. M\u00e9s informaci\u00f3 a: <a href=\"https:\/\/badabiblios.cat\/fons-local\/\">badabiblios.cat<\/a>&nbsp;<\/p>\n","protected":false},"excerpt":{"rendered":"<p>La Xarxa de Biblioteques Municipals de Badalona han preparat i adaptat les seves activitats per a Nadal i Reis, unes de les dates m\u00e9s esperades de l\u2019any. Tornen les activitats vinculades a la tradici\u00f3 local com els Pastorets, el Fanalet i la Crida als Reis.&nbsp; Enguany destaca l\u2019estrena de l\u2019espectacle \u2018El fanalet d\u2019en Tasi\u2019, una [&hellip;]<\/p>\n","protected":false},"author":2,"featured_media":4496,"comment_status":"open","ping_status":"open","sticky":false,"template":"","format":"standard","meta":{"footnotes":""},"categories":[23,25],"tags":[],"class_list":{"0":"post-4495","1":"post","2":"type-post","3":"status-publish","4":"format-standard","5":"has-post-thumbnail","7":"category-actualitat","8":"category-cultura"},"_links":{"self":[{"href":"https:\/\/areabadalona.com\/diario\/wp-json\/wp\/v2\/posts\/4495","targetHints":{"allow":["GET"]}}],"collection":[{"href":"https:\/\/areabadalona.com\/diario\/wp-json\/wp\/v2\/posts"}],"about":[{"href":"https:\/\/areabadalona.com\/diario\/wp-json\/wp\/v2\/types\/post"}],"author":[{"embeddable":true,"href":"https:\/\/areabadalona.com\/diario\/wp-json\/wp\/v2\/users\/2"}],"replies":[{"embeddable":true,"href":"https:\/\/areabadalona.com\/diario\/wp-json\/wp\/v2\/comments?post=4495"}],"version-history":[{"count":1,"href":"https:\/\/areabadalona.com\/diario\/wp-json\/wp\/v2\/posts\/4495\/revisions"}],"predecessor-version":[{"id":4497,"href":"https:\/\/areabadalona.com\/diario\/wp-json\/wp\/v2\/posts\/4495\/revisions\/4497"}],"wp:featuredmedia":[{"embeddable":true,"href":"https:\/\/areabadalona.com\/diario\/wp-json\/wp\/v2\/media\/4496"}],"wp:attachment":[{"href":"https:\/\/areabadalona.com\/diario\/wp-json\/wp\/v2\/media?parent=4495"}],"wp:term":[{"taxonomy":"category","embeddable":true,"href":"https:\/\/areabadalona.com\/diario\/wp-json\/wp\/v2\/categories?post=4495"},{"taxonomy":"post_tag","embeddable":true,"href":"https:\/\/areabadalona.com\/diario\/wp-json\/wp\/v2\/tags?post=4495"}],"curies":[{"name":"wp","href":"https:\/\/api.w.org\/{rel}","templated":true}]}}