{"id":4473,"date":"2022-12-02T10:45:30","date_gmt":"2022-12-02T10:45:30","guid":{"rendered":"https:\/\/areabadalona.com\/diario\/?p=4473"},"modified":"2022-12-02T10:45:30","modified_gmt":"2022-12-02T10:45:30","slug":"presentat-el-partit-solidari-el-basquet-es-vida-que-tindra-lloc-al-palau-municipal-desports-de-badalona-el-diumenge-11-de-desembre","status":"publish","type":"post","link":"https:\/\/areabadalona.com\/diario\/2022\/12\/02\/presentat-el-partit-solidari-el-basquet-es-vida-que-tindra-lloc-al-palau-municipal-desports-de-badalona-el-diumenge-11-de-desembre\/","title":{"rendered":"Presentat el partit solidari EL B\u00c0SQUET \u00c9S VIDA que tindr\u00e0 lloc al Palau Municipal d\u2019Esports de Badalona el diumenge 11 de desembre\u00a0"},"content":{"rendered":"\n<p>La sala de premsa del Palau Municipal d\u2019Esports de Badalona ha acollit avui l\u2019acte de presentaci\u00f3 del partit solidari \u201cEL B\u00c0SQUET \u00c9S VIDA\u201d que se celebrar\u00e0 el diumenge 11 de desembre, a partir de les 17.30 hores, en aquest mateix recinte esportiu. L\u2019esdeveniment t\u00e9 com a objectiu recollir fons per un dels projectes de la Fundaci\u00f3 impulsada pel jugador de b\u00e0squet Ricky Rubio.&nbsp;<\/p>\n\n\n\n<p>Es tracta d\u2019una iniciativa destinada a impulsar un dels projectes m\u00e9s destacats de The Ricky Rubio Foundation que, juntament amb la Fundaci\u00f3 La Caixa, promou el nou Gimn\u00e0s Pedi\u00e0tric a l&#8217;Hospital Universitari Vall d&#8217;Hebron de Barcelona, una sala de rehabilitaci\u00f3 f\u00edsica moderna que ser\u00e0 clau en la recuperaci\u00f3 activa d&#8217;interns en tractament, pacients de traumatologia i trasplantats o sotmesos a cirurgies complexes.&nbsp;<\/p>\n\n\n\n<p>El b\u00e0squet ser\u00e0 l&#8217;eix central de l&#8217;esdeveniment del dia 11 de desembre participat per una combinaci\u00f3 de youtubers, actors, m\u00fasics, humoristes, models, diversi\u00f3 i humor, amb regals, ball i actuacions musicals al descans. Tresco, Ari Geli, Papi Gavi, Edu Esteve i Luca, del projecte Luca de Ricky Rubio Foundation, s\u00f3n alguns dels participants ja confirmats.&nbsp;<\/p>\n\n\n\n<p>L&#8217;acte compta amb el patrocini d&#8217;ENDESA, la col\u00b7laboraci\u00f3 del Club Joventut Badalona i el suport de l&#8217;Ajuntament de Badalona i la Federaci\u00f3 Catalana de Basquetbol i amb la intervenci\u00f3 del president The Ricky Rubio Foundation, Esteve Rubio, el president de El Basket \u00e9s Vida, Alberto Bejar i la quarta tinenta d&#8217;alcaldia i regidora de l&#8217;\u00c0mbit de Territori, Habitatge, Esports i Salut de l\u2019Ajuntament de Badalona, Teresa Gonz\u00e1lez, qui ha assenyalat que \u201cla ciutat i el seu Ajuntament est\u00e0 sempre al costat d\u2019iniciatives com aquesta que uneixen esport i salut, m\u00e9s encara si com \u00e9s aquest cas l\u2019esport \u00e9s el b\u00e0squet que va lligat estretament al nom de Badalona\u201d.&nbsp;<\/p>\n\n\n\n<p>Les entrades per al gran espectacle del diumenge 11 de desembre, a partir de les 17.30 hores, posades a la venda al preu de 8 \u20ac, ja es poden retirar a la p\u00e0gina <a href=\"www.penya.com%20\">www.penya.com<\/a> del Club Joventut Badalona, un dels col\u00b7laboradors principals juntament amb l&#8217;ag\u00e8ncia de M\u00e0rqueting 24 Street.&nbsp;<\/p>\n","protected":false},"excerpt":{"rendered":"<p>La sala de premsa del Palau Municipal d\u2019Esports de Badalona ha acollit avui l\u2019acte de presentaci\u00f3 del partit solidari \u201cEL B\u00c0SQUET \u00c9S VIDA\u201d que se celebrar\u00e0 el diumenge 11 de desembre, a partir de les 17.30 hores, en aquest mateix recinte esportiu. L\u2019esdeveniment t\u00e9 com a objectiu recollir fons per un dels projectes de la [&hellip;]<\/p>\n","protected":false},"author":1,"featured_media":4474,"comment_status":"open","ping_status":"open","sticky":false,"template":"","format":"standard","meta":{"footnotes":""},"categories":[23,26],"tags":[],"class_list":{"0":"post-4473","1":"post","2":"type-post","3":"status-publish","4":"format-standard","5":"has-post-thumbnail","7":"category-actualitat","8":"category-esports"},"_links":{"self":[{"href":"https:\/\/areabadalona.com\/diario\/wp-json\/wp\/v2\/posts\/4473","targetHints":{"allow":["GET"]}}],"collection":[{"href":"https:\/\/areabadalona.com\/diario\/wp-json\/wp\/v2\/posts"}],"about":[{"href":"https:\/\/areabadalona.com\/diario\/wp-json\/wp\/v2\/types\/post"}],"author":[{"embeddable":true,"href":"https:\/\/areabadalona.com\/diario\/wp-json\/wp\/v2\/users\/1"}],"replies":[{"embeddable":true,"href":"https:\/\/areabadalona.com\/diario\/wp-json\/wp\/v2\/comments?post=4473"}],"version-history":[{"count":1,"href":"https:\/\/areabadalona.com\/diario\/wp-json\/wp\/v2\/posts\/4473\/revisions"}],"predecessor-version":[{"id":4475,"href":"https:\/\/areabadalona.com\/diario\/wp-json\/wp\/v2\/posts\/4473\/revisions\/4475"}],"wp:featuredmedia":[{"embeddable":true,"href":"https:\/\/areabadalona.com\/diario\/wp-json\/wp\/v2\/media\/4474"}],"wp:attachment":[{"href":"https:\/\/areabadalona.com\/diario\/wp-json\/wp\/v2\/media?parent=4473"}],"wp:term":[{"taxonomy":"category","embeddable":true,"href":"https:\/\/areabadalona.com\/diario\/wp-json\/wp\/v2\/categories?post=4473"},{"taxonomy":"post_tag","embeddable":true,"href":"https:\/\/areabadalona.com\/diario\/wp-json\/wp\/v2\/tags?post=4473"}],"curies":[{"name":"wp","href":"https:\/\/api.w.org\/{rel}","templated":true}]}}