{"id":4359,"date":"2022-11-15T10:28:12","date_gmt":"2022-11-15T10:28:12","guid":{"rendered":"https:\/\/areabadalona.com\/diario\/?p=4359"},"modified":"2022-11-15T10:28:13","modified_gmt":"2022-11-15T10:28:13","slug":"lhospital-germans-trias-i-latencio-a-la-salut-sexual-i-reproductiva-del-barcelones-nord-i-maresme-impulsen-noves-mesures-coordinades-per-atendre-les-urgencies-ginecologiques-i-obstet","status":"publish","type":"post","link":"https:\/\/areabadalona.com\/diario\/2022\/11\/15\/lhospital-germans-trias-i-latencio-a-la-salut-sexual-i-reproductiva-del-barcelones-nord-i-maresme-impulsen-noves-mesures-coordinades-per-atendre-les-urgencies-ginecologiques-i-obstet\/","title":{"rendered":"L\u2019Hospital Germans Trias i l\u2019Atenci\u00f3 a la Salut Sexual i Reproductiva del Barcelon\u00e8s Nord i Maresme impulsen noves mesures coordinades per atendre les urg\u00e8ncies ginecol\u00f2giques i obst\u00e8triques del territori"},"content":{"rendered":"\n<p>L\u2019Hospital Germans Trias i la Direcci\u00f3 d\u2019Atenci\u00f3 Prim\u00e0ria de la Metropolitana Nord de l\u2019Institut Catal\u00e0 de la Salut impulsen des d\u2019aquest mes de novembre un nou marc d\u2019adequaci\u00f3 de l\u2019\u00fas dels dispositius d\u2019atenci\u00f3 obst\u00e8trica i ginecol\u00f2gica urgent del territori del Barcelon\u00e8s Nord i Maresme.<\/p>\n\n\n\n<p>Ara s\u2019implementa un nou circu\u00eft d\u2019atenci\u00f3 amb criteris consensuats que, gr\u00e0cies a nous sistemes d\u2019informaci\u00f3, permetr\u00e0 tant a professionals de l\u2019atenci\u00f3 urgent de ginecologia i obstetr\u00edcia de l\u2019Hospital Germans Trias com de l\u2019Atenci\u00f3 a la Salut Sexual i Reproductiva (ASSIR) del territori estar en contacte per fer l\u2019atenci\u00f3 en qualsevol dels dos dispositius en funci\u00f3 de la gravetat i en un breu termini, indistintament del centre al que s\u2019hagi dirigit la usu\u00e0ria en un inici.<\/p>\n\n\n\n<p>Aquesta nova acci\u00f3 s\u2019alinea amb la posada en marxa el 2020 de la coordinaci\u00f3 de les urg\u00e8ncies de mitjana i baixa complexitat per adults de l\u2019Hospital, juntament amb els Centres d\u2019Urg\u00e8ncies d&#8217;Atenci\u00f3 Prim\u00e0ria (CUAP) de Badalona i Santa Coloma de Gramenet.<\/p>\n\n\n\n<p>A m\u00e9s dels circu\u00efts d\u2019atenci\u00f3 amb criteris consensuats, tamb\u00e9 s\u2019han adequat els sistemes d\u2019informaci\u00f3 per a permetre, igual que amb les urg\u00e8ncies generals, que els i les professionals dels dos dispositius estiguin en contacte per fer l\u2019atenci\u00f3 en qualsevol dels dos punts en funci\u00f3 de la gravetat.<\/p>\n\n\n\n<p>Actualment, el Servei d\u2019Urg\u00e8ncies de Ginecologia i Obstetr\u00edcia del Germans Trias at\u00e9n un elevat nombre d\u2019usu\u00e0ries amb nivells de prioritzaci\u00f3 \u2018menys urgents\u2019 o \u2018no urgents\u2019, els quals no nom\u00e9s podrien resoldre\u2019s en altres dispositius del territori com els ASSIR o els CUAP, sin\u00f3 que fins i tot seria recomanable que es fes aix\u00ed per aconseguir m\u00e9s efici\u00e8ncia en el seu tractament o seguiment. Seria el cas, per exemple, de les consultes per alteracions menstruals, prurit vulvo-vaginal, patologia mam\u00e0ria que no requereix diagn\u00f2stic r\u00e0pid o seguiment i cura de ferides quir\u00fargiques.<\/p>\n\n\n\n<p>El criteri cl\u00ednic del professional que realitza el triatge ser\u00e0 el que definir\u00e0 en quin dispositiu s\u2019ha d\u2019atendre en cada cas seguint les l\u00ednies del Programa d\u2019Ajut al Triatge (PAT), que estableix cinc nivells de classificaci\u00f3 en funci\u00f3 de la gravetat del pacient. Aquesta acci\u00f3 directa de derivar, a m\u00e9s, anir\u00e0 refor\u00e7ada per un augment de la informaci\u00f3 donada a la usu\u00e0ria i a la persona que l\u2019acompanya.<\/p>\n","protected":false},"excerpt":{"rendered":"<p>L\u2019Hospital Germans Trias i la Direcci\u00f3 d\u2019Atenci\u00f3 Prim\u00e0ria de la Metropolitana Nord de l\u2019Institut Catal\u00e0 de la Salut impulsen des d\u2019aquest mes de novembre un nou marc d\u2019adequaci\u00f3 de l\u2019\u00fas dels dispositius d\u2019atenci\u00f3 obst\u00e8trica i ginecol\u00f2gica urgent del territori del Barcelon\u00e8s Nord i Maresme. Ara s\u2019implementa un nou circu\u00eft d\u2019atenci\u00f3 amb criteris consensuats que, gr\u00e0cies [&hellip;]<\/p>\n","protected":false},"author":2,"featured_media":4360,"comment_status":"open","ping_status":"open","sticky":false,"template":"","format":"standard","meta":{"footnotes":""},"categories":[23],"tags":[],"class_list":{"0":"post-4359","1":"post","2":"type-post","3":"status-publish","4":"format-standard","5":"has-post-thumbnail","7":"category-actualitat"},"_links":{"self":[{"href":"https:\/\/areabadalona.com\/diario\/wp-json\/wp\/v2\/posts\/4359","targetHints":{"allow":["GET"]}}],"collection":[{"href":"https:\/\/areabadalona.com\/diario\/wp-json\/wp\/v2\/posts"}],"about":[{"href":"https:\/\/areabadalona.com\/diario\/wp-json\/wp\/v2\/types\/post"}],"author":[{"embeddable":true,"href":"https:\/\/areabadalona.com\/diario\/wp-json\/wp\/v2\/users\/2"}],"replies":[{"embeddable":true,"href":"https:\/\/areabadalona.com\/diario\/wp-json\/wp\/v2\/comments?post=4359"}],"version-history":[{"count":1,"href":"https:\/\/areabadalona.com\/diario\/wp-json\/wp\/v2\/posts\/4359\/revisions"}],"predecessor-version":[{"id":4361,"href":"https:\/\/areabadalona.com\/diario\/wp-json\/wp\/v2\/posts\/4359\/revisions\/4361"}],"wp:featuredmedia":[{"embeddable":true,"href":"https:\/\/areabadalona.com\/diario\/wp-json\/wp\/v2\/media\/4360"}],"wp:attachment":[{"href":"https:\/\/areabadalona.com\/diario\/wp-json\/wp\/v2\/media?parent=4359"}],"wp:term":[{"taxonomy":"category","embeddable":true,"href":"https:\/\/areabadalona.com\/diario\/wp-json\/wp\/v2\/categories?post=4359"},{"taxonomy":"post_tag","embeddable":true,"href":"https:\/\/areabadalona.com\/diario\/wp-json\/wp\/v2\/tags?post=4359"}],"curies":[{"name":"wp","href":"https:\/\/api.w.org\/{rel}","templated":true}]}}