{"id":4354,"date":"2022-11-15T10:13:36","date_gmt":"2022-11-15T10:13:36","guid":{"rendered":"https:\/\/areabadalona.com\/diario\/?p=4354"},"modified":"2022-11-15T10:13:36","modified_gmt":"2022-11-15T10:13:36","slug":"els-centres-dassistencia-primaria-cap-de-badalona-organitzen-aquesta-setmana-diverses-activitats-amb-motiu-del-dia-mundial-de-la-diabetis","status":"publish","type":"post","link":"https:\/\/areabadalona.com\/diario\/2022\/11\/15\/els-centres-dassistencia-primaria-cap-de-badalona-organitzen-aquesta-setmana-diverses-activitats-amb-motiu-del-dia-mundial-de-la-diabetis\/","title":{"rendered":"Els Centres d\u2019Assist\u00e8ncia Prim\u00e0ria (CAP) de Badalona organitzen aquesta setmana diverses activitats amb motiu del Dia Mundial de la Diabetis\u00a0"},"content":{"rendered":"\n<p>Amb motiu del Dia Mundial de la Diabetis, que es celebra aquest dilluns 14 de novembre, els Centres d\u2019Atenci\u00f3 Prim\u00e0ria de Badalona, amb suport de l\u2019Ajuntament de Badalona, han organitzat al llarg de la setmana diferents activitats comunit\u00e0ries amb l&#8217;objectiu de donar a con\u00e8ixer la diabetis i les estrat\u00e8gies per millorar la prevenci\u00f3 i la qualitat de vida de les persones diab\u00e8tiques.&nbsp;<\/p>\n\n\n\n<p>A tots els CAPs hi haur\u00e0 una taula informativa de 12 a 13 hores un dia al llarg de la setmana on s\u2019informar\u00e0 i es repartiran d\u00edptics de les campanyes \u201cPetits canvis per menjar millor\u201d, \u201cM\u00e8tode Plat BSA\u201d i la \u201cPir\u00e0mide activitat f\u00edsica\u201d, oferint resposta als dubtes que sorgeixin. A m\u00e9s, tamb\u00e9 es donar\u00e0 informaci\u00f3 sobre com els h\u00e0bits saludables per poder ajudar a prevenir la DM2.&nbsp;<\/p>\n\n\n\n<p>Aquestes activitats les porten a terme l&#8217;equip de nutricionistes d&#8217;atenci\u00f3 prim\u00e0ria i comunit\u00e0ria de Badalona, una nova figura que s\u2019ha incorporat al llarg d\u2019aquest any 2022 als CAPs de refor\u00e7 del treball orientat a promoure l\u2019alimentaci\u00f3 saludable i la salut nutricional de la ciutadania.&nbsp;<\/p>\n\n\n\n<p>A continuaci\u00f3 es detalla la programaci\u00f3 de les taules informatives per dies i CAP:&nbsp;<\/p>\n\n\n\n<p>&#8211; Dilluns 14 de novembre. CAP Nova Lloreda i CAP Mart\u00ed Juli\u00e0, de 12 a 13 hores.&nbsp;<\/p>\n\n\n\n<p>CAP Llefi\u00e0 i CAP Gran Sol de 14 a 20 hores.&nbsp;<\/p>\n\n\n\n<p>&#8211; Dimarts 15 de novembre: ABS Montgat-Tiana i CAP Apenins Montigal\u00e0, de 12 a 13 hores.&nbsp;<\/p>\n\n\n\n<p>&#8211; Dimecres 16 de novembre: CAP Progr\u00e9s-Raval i CAP Morera-Pomar de 12 a 13 hores.&nbsp;<\/p>\n\n\n\n<p>A m\u00e9s de les taules informatives, tamb\u00e9 s\u2019han programat tallers per explicar la diabetis des d\u2019una visi\u00f3 m\u00e9s cl\u00ednica i aprofundir en les mesures preventives i d\u2019atenci\u00f3 sobre cures, especialment peu diab\u00e8tic, i sobre com l\u2019alimentaci\u00f3 \u00e9s \u00fatil per prevenir les seves complicacions i fins i tot l\u2019aparici\u00f3 de la malaltia.&nbsp;<\/p>\n\n\n\n<p>&#8211; Dimecres, 16 novembre al CAP del Gran Sol de 10 a 11 hores i de 12 a 13 hores.&nbsp;<\/p>\n\n\n\n<p>&nbsp;&#8211; Dimecres 16 de novembre, de 17 a 18:30 hores al Casal de Gent Gran del Congr\u00e9s a c\u00e0rrec de l\u2019equip del CAP de Sant Roc\/Gorg.&nbsp;<\/p>\n\n\n\n<p>&#8211; Dimarts 22 de novembre, a les 11.30 hores, a la Biblioteca de Llefi\u00e0-Xavier Soto tindr\u00e0 lloc la xerrada <strong>Qu\u00e8 cal saber sobre la diabetis<\/strong> a c\u00e0rrec de Joan Boix nebot, farmac\u00e8utic de la farm\u00e0cia Nebot.&nbsp;<\/p>\n\n\n\n<p>Aquestes activitats formen de la nova estrat\u00e8gia del Departament de Salut per enfortir el treball comunitari de l\u2019atenci\u00f3 prim\u00e0ria que impulsa el Departament de Salut en col\u00b7laboraci\u00f3 amb els ajuntaments i la comunitat sociosanit\u00e0ria.&nbsp;<\/p>\n","protected":false},"excerpt":{"rendered":"<p>Amb motiu del Dia Mundial de la Diabetis, que es celebra aquest dilluns 14 de novembre, els Centres d\u2019Atenci\u00f3 Prim\u00e0ria de Badalona, amb suport de l\u2019Ajuntament de Badalona, han organitzat al llarg de la setmana diferents activitats comunit\u00e0ries amb l&#8217;objectiu de donar a con\u00e8ixer la diabetis i les estrat\u00e8gies per millorar la prevenci\u00f3 i la [&hellip;]<\/p>\n","protected":false},"author":2,"featured_media":4355,"comment_status":"open","ping_status":"open","sticky":false,"template":"","format":"standard","meta":{"footnotes":""},"categories":[23],"tags":[],"class_list":{"0":"post-4354","1":"post","2":"type-post","3":"status-publish","4":"format-standard","5":"has-post-thumbnail","7":"category-actualitat"},"_links":{"self":[{"href":"https:\/\/areabadalona.com\/diario\/wp-json\/wp\/v2\/posts\/4354","targetHints":{"allow":["GET"]}}],"collection":[{"href":"https:\/\/areabadalona.com\/diario\/wp-json\/wp\/v2\/posts"}],"about":[{"href":"https:\/\/areabadalona.com\/diario\/wp-json\/wp\/v2\/types\/post"}],"author":[{"embeddable":true,"href":"https:\/\/areabadalona.com\/diario\/wp-json\/wp\/v2\/users\/2"}],"replies":[{"embeddable":true,"href":"https:\/\/areabadalona.com\/diario\/wp-json\/wp\/v2\/comments?post=4354"}],"version-history":[{"count":1,"href":"https:\/\/areabadalona.com\/diario\/wp-json\/wp\/v2\/posts\/4354\/revisions"}],"predecessor-version":[{"id":4356,"href":"https:\/\/areabadalona.com\/diario\/wp-json\/wp\/v2\/posts\/4354\/revisions\/4356"}],"wp:featuredmedia":[{"embeddable":true,"href":"https:\/\/areabadalona.com\/diario\/wp-json\/wp\/v2\/media\/4355"}],"wp:attachment":[{"href":"https:\/\/areabadalona.com\/diario\/wp-json\/wp\/v2\/media?parent=4354"}],"wp:term":[{"taxonomy":"category","embeddable":true,"href":"https:\/\/areabadalona.com\/diario\/wp-json\/wp\/v2\/categories?post=4354"},{"taxonomy":"post_tag","embeddable":true,"href":"https:\/\/areabadalona.com\/diario\/wp-json\/wp\/v2\/tags?post=4354"}],"curies":[{"name":"wp","href":"https:\/\/api.w.org\/{rel}","templated":true}]}}