{"id":4331,"date":"2022-11-09T10:10:03","date_gmt":"2022-11-09T10:10:03","guid":{"rendered":"https:\/\/areabadalona.com\/diario\/?p=4331"},"modified":"2022-11-09T10:10:04","modified_gmt":"2022-11-09T10:10:04","slug":"lajuntament-de-badalona-commemora-el-dia-internacional-per-a-leliminacio-de-la-violencia-envers-les-dones-amb-activitats-durant-tot-el-mes-de-novembre","status":"publish","type":"post","link":"https:\/\/areabadalona.com\/diario\/2022\/11\/09\/lajuntament-de-badalona-commemora-el-dia-internacional-per-a-leliminacio-de-la-violencia-envers-les-dones-amb-activitats-durant-tot-el-mes-de-novembre\/","title":{"rendered":"L&#8217;Ajuntament de Badalona commemora el Dia Internacional per a l&#8217;eliminaci\u00f3 de la viol\u00e8ncia envers les dones amb activitats durant tot el mes de novembre"},"content":{"rendered":"\n<p>L&#8217;Ajuntament de Badalona commemora el 25 de novembre, Dia Internacional per a l&#8217;eliminaci\u00f3 de la viol\u00e8ncia envers les dones, amb un programa d\u2019actes que es desenvoluparan fins a finals de novembre arreu de la ciutat. La programaci\u00f3, que s\u2019emmarca en una campanya que t\u00e9 per lema \u201cEl masclista no neix, es fa\u201d, recull activitats organitzades per l\u2019Ajuntament i inclou tamb\u00e9 les propostes impulsades per les diferents associacions, grups i plataformes feministes de la ciutat, que s\u2019han vehiculat des del Departament de Feminismes. &nbsp;<\/p>\n\n\n\n<p>La proposta presentada per l\u2019Ajuntament est\u00e0 pensada per arribar a diferents franges d\u2019edat i inclou activitats per a un p\u00fablic divers. Un exemple d\u2019aquesta varietat s\u00f3n les activitats programades per atraure el jovent, com el taller \u00abCiberassetjament: un nou entorn per a la viol\u00e8ncia masclista\u00bb, un tipus de viol\u00e8ncia que malauradament pateix molt la gent jove, o l\u2019espai de reflexi\u00f3 \u00abVisibilitzem les viol\u00e8ncies masclistes i LGBTBQ-f\u00f2biques\u00bb. Tamb\u00e9 destaca un taller d&#8217;autodefensa feminista adre\u00e7at a dones on es faran exercicis pr\u00e0ctics per aprendre defensa personal des de la perspectiva feminista.&nbsp;<\/p>\n\n\n\n<p>Entre els actes que s\u2019han organitzat tamb\u00e9 hi haur\u00e0 el dilluns 14 la presentaci\u00f3 del llibre <em>Trenqueu en cas d&#8217;urg\u00e8ncia<\/em> de l&#8217;advocada i crimin\u00f2loga Carla Vall i Duran. L&#8217;autora, entre d&#8217;altres aspectes, planteja consells per a les dones v\u00edctimes i tamb\u00e9 sobre qu\u00e8 poden fer terceres persones per ajudar la v\u00edctima.&nbsp;<\/p>\n\n\n\n<p>L\u2019acte institucional del Dia Internacional per a l&#8217;eliminaci\u00f3 de la viol\u00e8ncia envers les dones es far\u00e0 el mateix 25 de novembre a les 18 hores a la pla\u00e7a de la Vila. Durant l\u2019acte es llegir\u00e0 el manifest unitari i la Plataforma 25 N realitzar\u00e0 una performace a c\u00e0rrec d&#8217;Assaig.&nbsp;<\/p>\n\n\n\n<p>La programaci\u00f3 municipal es completar\u00e0 amb la realitzaci\u00f3 d\u2019un mural participatiu per sensibilitzar i conscienciar la ciutadania sobre la viol\u00e8ncia masclista i la gravetat de tothom qui la pateix. El mural es far\u00e0 a la pla\u00e7a de la Vila i la seva execuci\u00f3 ser\u00e0 dinamitzada per expertes en viol\u00e8ncies masclistes.&nbsp;<\/p>\n\n\n\n<p>A m\u00e9s, enguany tamb\u00e9 s&#8217;ha dissenyat la Campanya \u00abComer\u00e7 contra les viol\u00e8ncies masclistes\u00bb amb informaci\u00f3 sobre els tel\u00e8fons d&#8217;atenci\u00f3 per dones que estiguin patint viol\u00e8ncies masclistes.&nbsp;<\/p>\n\n\n\n<p>A banda de les propostes impulsades des de l&#8217;Ajuntament, durant tot el mes de novembre la ciutadania podr\u00e0 participar en actes i activitats amb formats molt diferents organitzats per associacions i entitats badalonines com per exemple tallers de ioga, exposicions, xerrades, debats i mon\u00f2legs. &nbsp;<\/p>\n\n\n\n<p>Podeu consultar tota la programaci\u00f3, els horaris i el lloc on es desenvoluparan les activitats en el programa adjunt en PDF.&nbsp;<\/p>\n\n\n\n<p><strong>El masclista no neix, es fa&nbsp;<\/strong><\/p>\n\n\n\n<p>El programa ha estat presentat aquest dimarts al mat\u00ed per la segona tinenta d\u2019alcaldia i regidora de l\u2019\u00c0mbit d\u2019Educaci\u00f3, Feminismes i LGTBIQ+, Ciutadania, Participaci\u00f3 i Agenda 2030, A\u00efda Llaurad\u00f3, en un acte celebrat a la sala de premsa de l\u2019edifici El Viver. Durant la presentaci\u00f3, Llaurad\u00f3 ha convidat la ciutadania a participar de les activitats programades durant el mes de novembre a la ciutat per posar de manifest que \u201ccada dia \u00e9s 25 de novembre i que la lluita no cessar\u00e0 fins que no s&#8217;erradiquin les viol\u00e8ncies masclistes arreu\u201d. La regidora ha afirmat que el \u00ablema d&#8217;enguany \u2013El masclista no neix, es fa\u2013 \u00e9s una oportunitat per revisar els rols i els estereotips de g\u00e8nere\u201d i ha insistit en el fet que \u201c\u00e9s la cultura i el propi sistema patriarcal el que perpetua i consisteix les relacions de viol\u00e8ncia masclista\u201d. \u201cNom\u00e9s amb feminisme es podr\u00e0 combatre el masclisme; per aquest motiu, les pol\u00edtiques p\u00fabliques i els moviments feministes han de posar sobre la taula la seva feina i el seu potencial per lluitar contra la xacra de la viol\u00e8ncia masclista\u00bb, ha concl\u00f2s la regidora. &nbsp;<\/p>\n","protected":false},"excerpt":{"rendered":"<p>L&#8217;Ajuntament de Badalona commemora el 25 de novembre, Dia Internacional per a l&#8217;eliminaci\u00f3 de la viol\u00e8ncia envers les dones, amb un programa d\u2019actes que es desenvoluparan fins a finals de novembre arreu de la ciutat. La programaci\u00f3, que s\u2019emmarca en una campanya que t\u00e9 per lema \u201cEl masclista no neix, es fa\u201d, recull activitats organitzades [&hellip;]<\/p>\n","protected":false},"author":2,"featured_media":4332,"comment_status":"open","ping_status":"open","sticky":false,"template":"","format":"standard","meta":{"footnotes":""},"categories":[23],"tags":[],"class_list":{"0":"post-4331","1":"post","2":"type-post","3":"status-publish","4":"format-standard","5":"has-post-thumbnail","7":"category-actualitat"},"_links":{"self":[{"href":"https:\/\/areabadalona.com\/diario\/wp-json\/wp\/v2\/posts\/4331","targetHints":{"allow":["GET"]}}],"collection":[{"href":"https:\/\/areabadalona.com\/diario\/wp-json\/wp\/v2\/posts"}],"about":[{"href":"https:\/\/areabadalona.com\/diario\/wp-json\/wp\/v2\/types\/post"}],"author":[{"embeddable":true,"href":"https:\/\/areabadalona.com\/diario\/wp-json\/wp\/v2\/users\/2"}],"replies":[{"embeddable":true,"href":"https:\/\/areabadalona.com\/diario\/wp-json\/wp\/v2\/comments?post=4331"}],"version-history":[{"count":1,"href":"https:\/\/areabadalona.com\/diario\/wp-json\/wp\/v2\/posts\/4331\/revisions"}],"predecessor-version":[{"id":4333,"href":"https:\/\/areabadalona.com\/diario\/wp-json\/wp\/v2\/posts\/4331\/revisions\/4333"}],"wp:featuredmedia":[{"embeddable":true,"href":"https:\/\/areabadalona.com\/diario\/wp-json\/wp\/v2\/media\/4332"}],"wp:attachment":[{"href":"https:\/\/areabadalona.com\/diario\/wp-json\/wp\/v2\/media?parent=4331"}],"wp:term":[{"taxonomy":"category","embeddable":true,"href":"https:\/\/areabadalona.com\/diario\/wp-json\/wp\/v2\/categories?post=4331"},{"taxonomy":"post_tag","embeddable":true,"href":"https:\/\/areabadalona.com\/diario\/wp-json\/wp\/v2\/tags?post=4331"}],"curies":[{"name":"wp","href":"https:\/\/api.w.org\/{rel}","templated":true}]}}