{"id":4328,"date":"2022-11-07T12:26:10","date_gmt":"2022-11-07T12:26:10","guid":{"rendered":"https:\/\/areabadalona.com\/diario\/?p=4328"},"modified":"2022-11-07T12:26:10","modified_gmt":"2022-11-07T12:26:10","slug":"aida-llaurado-presenta-la-llista-de-badalona-en-comu-podem-per-les-eleccions-municipals-2023","status":"publish","type":"post","link":"https:\/\/areabadalona.com\/diario\/2022\/11\/07\/aida-llaurado-presenta-la-llista-de-badalona-en-comu-podem-per-les-eleccions-municipals-2023\/","title":{"rendered":"<strong>A\u00efda Llaurad\u00f3 presenta la llista de Badalona En Com\u00fa Podem per les Eleccions Municipals 2023<\/strong>"},"content":{"rendered":"\n<p>Badalona En Com\u00fa Podem ha presentat dilluns 7 de novembre la seva candidatura a les properes Eleccions Municipals 2023. Despr\u00e9s dels processos electorals interns de Badalona En Com\u00fa i Podem Badalona, les actuals regidores i membres del govern, A\u00efda Llaurad\u00f3 i Rosa Trenado, han anunciat p\u00fablicament a la seva seu l\u2019equip de 5 persones que encap\u00e7alaran la candidatura de Badalona En Com\u00fa Podem a les properes Eleccions Municipals que tindran lloc el 28 de maig de 2023. D\u2019aquesta manera la formaci\u00f3 morada s\u2019ha convertit en la primera de la ciutat en anunciar la llista electoral que es presentar\u00e0 a la propera contesa electoral.<\/p>\n\n\n\n<p>Els comuns s&#8217;han reivindicat com la for\u00e7a \u00fatil i transformadora per construir un govern fort, verd, feminista i de progr\u00e9s que doni l\u2019estabilitat necess\u00e0ria a Badalona. <strong>Rosa Trenado<\/strong> ha reivindicat que \u201cles properes eleccions municipals s\u00f3n un punt d&#8217;inflexi\u00f3 per a l&#8217;estabilitat pol\u00edtica, \u00e9s per aix\u00f2 que el nostre equip \u00e9s garantia, experi\u00e8ncia i professionalitat per encarar aquest repte. Tot l&#8217;equip coneix b\u00e9 l&#8217;Ajuntament de Badalona i la realitat social i pol\u00edtica de la nostra ciutat, barri a barri\u201d. L\u2019alcaldable,<strong>A\u00efda Llaurad\u00f3<\/strong>, ha dit \u201cdonem una continu\u00eftat i estabilitat al projecte pol\u00edtic que volem traslladar a la ciutat, i alhora reforcem l\u2019equip amb unes persones que demostren cada dia el seu comprom\u00eds amb Badalona, els seus valors d\u2019esquerres, ecologistes i feministes, i la seva experi\u00e8ncia a la ciutat, des de diferents \u00e0mbits, des de diferents barris, i en un mateix projecte que vam comen\u00e7ar a desplegar el 2019 i que creiem ha de ser el projecte guanyador a les eleccions municipals de 2023\u201d. Les regidores han valorat positivament la confecci\u00f3 de l\u2019equip que treballar\u00e0 intensament per impulsar els grans canvis que Badalona necessita i representar a la ciutadania de Badalona.<\/p>\n\n\n\n<p><strong>A\u00efda Llaurad\u00f3<\/strong>, l\u2019actual Segona Tinent d\u2019Alcalde d&#8217;Educaci\u00f3, Feminismes, LGTBIQ+, Ciutadania, Participaci\u00f3, Agenda 2030 i regidora del Districte 3 ser\u00e0 la <strong>candidata a l\u2019alcaldia<\/strong> de la formaci\u00f3 com es va anunciar fa uns mesos, avui ha sigut l\u2019encarregada de presentar l\u2019equip que l\u2019acompanyar\u00e0 en aquest viatge a l\u2019alcaldia.<\/p>\n\n\n\n<p><strong>Rosa Trenado, <\/strong>la regidora de Medi Ambient, Sostenibilitat i Benestar Animal repetir\u00e0 com a <strong>segona de la llista<\/strong> en una aposta per garantir l\u2019estabilitat pol\u00edtica i el coneixement de la ciutat. La regidora ha lluitat i treballat a fons en els projectes de millora del Verd Urb\u00e0 de la ciutat, per pal\u00b7liar la contaminaci\u00f3 i per l\u2019energia renovable a Badalona.&nbsp;&nbsp;<\/p>\n\n\n\n<p><strong>Dani Alfonso, n\u00famero tres de la llista, <\/strong>coordinador de Badalona En Com\u00fa i coordinador del grup municipal de Badalona En Com\u00fa Podem. \u00c9s sindicalista de CCOO i treballador de la Nissan. Provinent del barri de Llefi\u00e0, activista en el moviment ve\u00efnal i amb experi\u00e8ncia de govern com a coordinador del Districte 2 i assessor de govern.<\/p>\n\n\n\n<p><strong>Dani Sosa, <\/strong>el Coordinador Nacional de Joves Ecosocialistes, organitzaci\u00f3 juvenil dels comuns,&nbsp; ser\u00e0 el<strong> quart membre de la llista<\/strong> i el m\u00e9s jove de l\u2019equip amb 25 anys. Polit\u00f2leg i professional de la comunicaci\u00f3, ha format part del teixit associatiu badalon\u00ed durant l\u2019adolesc\u00e8ncia.<br><strong>Paula Mart\u00ednez, <\/strong>tanca l\u2019equip com a <strong>n\u00famero 5<\/strong> la portaveu de Podem Badalona i actual coordinadora del Districte 3. Ve\u00efna de Bufal\u00e0 i polit\u00f2loga, coneix a la perfecci\u00f3 els barris de Montigal\u00e0 Oriental, Canyet, Bufal\u00e0, Pomar, Morera, Les Guixeres, Mas Ram i Bonavista.<\/p>\n","protected":false},"excerpt":{"rendered":"<p>Badalona En Com\u00fa Podem ha presentat dilluns 7 de novembre la seva candidatura a les properes Eleccions Municipals 2023. Despr\u00e9s dels processos electorals interns de Badalona En Com\u00fa i Podem Badalona, les actuals regidores i membres del govern, A\u00efda Llaurad\u00f3 i Rosa Trenado, han anunciat p\u00fablicament a la seva seu l\u2019equip de 5 persones que [&hellip;]<\/p>\n","protected":false},"author":2,"featured_media":4329,"comment_status":"open","ping_status":"open","sticky":false,"template":"","format":"standard","meta":{"footnotes":""},"categories":[23],"tags":[],"class_list":{"0":"post-4328","1":"post","2":"type-post","3":"status-publish","4":"format-standard","5":"has-post-thumbnail","7":"category-actualitat"},"_links":{"self":[{"href":"https:\/\/areabadalona.com\/diario\/wp-json\/wp\/v2\/posts\/4328","targetHints":{"allow":["GET"]}}],"collection":[{"href":"https:\/\/areabadalona.com\/diario\/wp-json\/wp\/v2\/posts"}],"about":[{"href":"https:\/\/areabadalona.com\/diario\/wp-json\/wp\/v2\/types\/post"}],"author":[{"embeddable":true,"href":"https:\/\/areabadalona.com\/diario\/wp-json\/wp\/v2\/users\/2"}],"replies":[{"embeddable":true,"href":"https:\/\/areabadalona.com\/diario\/wp-json\/wp\/v2\/comments?post=4328"}],"version-history":[{"count":1,"href":"https:\/\/areabadalona.com\/diario\/wp-json\/wp\/v2\/posts\/4328\/revisions"}],"predecessor-version":[{"id":4330,"href":"https:\/\/areabadalona.com\/diario\/wp-json\/wp\/v2\/posts\/4328\/revisions\/4330"}],"wp:featuredmedia":[{"embeddable":true,"href":"https:\/\/areabadalona.com\/diario\/wp-json\/wp\/v2\/media\/4329"}],"wp:attachment":[{"href":"https:\/\/areabadalona.com\/diario\/wp-json\/wp\/v2\/media?parent=4328"}],"wp:term":[{"taxonomy":"category","embeddable":true,"href":"https:\/\/areabadalona.com\/diario\/wp-json\/wp\/v2\/categories?post=4328"},{"taxonomy":"post_tag","embeddable":true,"href":"https:\/\/areabadalona.com\/diario\/wp-json\/wp\/v2\/tags?post=4328"}],"curies":[{"name":"wp","href":"https:\/\/api.w.org\/{rel}","templated":true}]}}