{"id":4325,"date":"2022-11-07T12:19:00","date_gmt":"2022-11-07T12:19:00","guid":{"rendered":"https:\/\/areabadalona.com\/diario\/?p=4325"},"modified":"2022-11-07T12:19:00","modified_gmt":"2022-11-07T12:19:00","slug":"bsa-appediatria-celebra-el-seu-cinque-aniversari-amb-una-renovacio-i-millores-pels-seus-usuaris-i-usuaries","status":"publish","type":"post","link":"https:\/\/areabadalona.com\/diario\/2022\/11\/07\/bsa-appediatria-celebra-el-seu-cinque-aniversari-amb-una-renovacio-i-millores-pels-seus-usuaris-i-usuaries\/","title":{"rendered":"<strong>BSA APPediatria celebra el seu cinqu\u00e8 aniversari amb una renovaci\u00f3 i millores pels seus usuaris i usu\u00e0ries<\/strong>"},"content":{"rendered":"\n<p>BSA APPediatria, l\u2019app del Servei de Pediatria de Badalona Serveis Assistencials (BSA) renova forma i fons de l\u2019aplicaci\u00f3 pensant en el benefici \u00faltim de la seva comunitat que supera les 7.500desc\u00e0rregues. De fet, actualment les persones usu\u00e0ries poden triar si volen l\u2019app en catal\u00e0 o en castell\u00e0, segons les seves prefer\u00e8ncies, aix\u00ed com la personalitzaci\u00f3 de la seva experi\u00e8ncia al voltant de l\u2019\u00fas de l\u2019aplicaci\u00f3. Aquest ventall de millores arriben coincidint aquest 6 de novembre amb el cinqu\u00e8 aniversari de l\u2019aplicaci\u00f3.<\/p>\n\n\n\n<p>L&#8217;aplicaci\u00f3, disponible en IOS i Android, \u00e9s un recurs m\u00e9s per informar, formar i empoderar les fam\u00edlies. El canvi <em>d\u2019interface<\/em>, la usabilitat i personalitzaci\u00f3 de les alertes per part de les persones usu\u00e0ries, aix\u00ed com la selecci\u00f3 de l\u2019idioma en s\u00f3n exemples d\u2019algunes de les millores ja disponibles per qualsevol, ja que \u00e9s totalment gratu\u00efta. Tamb\u00e9 ho \u00e9s la selecci\u00f3 dels continguts que compten amb l\u2019aval dels experts: els professionals de Pediatria de BSA, que transmeten amb formats atractius com infografies, v\u00eddeos i podcasts, principalment. Els continguts s\u00f3n la resposta a les milers de preguntes que les professionals han anat recollint al llarg del temps a les consultes. Tamb\u00e9 \u00e9s la finestra per publicar l\u2019activitat grupal i comunit\u00e0ria pedi\u00e0trica, sempre pensant en el continu d\u2019informaci\u00f3 i l\u2019empoderament de les fam\u00edlies. L\u2019apartat espec\u00edfic Salut Escolar t\u00e9 en compte les necessitats d\u2019un segon p\u00fablic de l\u2019app: el m\u00f3n escolar.<\/p>\n\n\n\n<p>A les seccions ja habituals, s\u2019incorporen els espais creats per aquells usuaris i usu\u00e0ries que es registren en l\u2019aplicaci\u00f3 i que poden fer consultes de salut individuals al voltant del contingut publicat. Aquestes consultes, sempre que compleixin amb la normativa de funcionament, seran respostes els dies laborals en un termini de 48 hores. D\u2019altra banda, l\u2019equip motor anir\u00e0 innovant el contingut exclusiu per a les persones que decideixin registrar-se.<\/p>\n\n\n\n<p>Des de la seva creaci\u00f3, l\u2019any 2017, l&#8217;aplicaci\u00f3 ha anat implementant millores de la m\u00e0 dels seus usuaris, aix\u00ed com la freq\u00fc\u00e8ncia dels seus continguts, tots ells amb formats visuals i amb l&#8217;experi\u00e8ncia de les necessitats d&#8217;atenci\u00f3 i informaci\u00f3 que tenen els pares, mares i tutors avui en dia. De fet, un dels serveis m\u00e9s ben valorats s\u00f3n els avisos de salut personalitzables. Aquesta funcionalitat permet enviar avisos de salut i informar amb immediatesa la nostra poblaci\u00f3 de la patologia m\u00e9s freq\u00fcent detectada cada setmana a les consultes dels CAPs de BSA per fer la prevenci\u00f3 i, si s\u2019escau, oferir la informaci\u00f3 sobre qu\u00e8 fer si es pateix el problema de salut concret descrit a l\u2019av\u00eds.<\/p>\n\n\n\n<p><strong>Traject\u00f2ria de BSA APPediatria<\/strong><\/p>\n\n\n\n<p>El projecte est\u00e0 liderat actualment per una dotzena de professionals, principalment pediatres i infermeres pedi\u00e0triques, que dissenyen els continguts, amb formats visuals entenedors a cop d&#8217;ull sobre temes quotidians de salut i higiene de vida. Va n\u00e9ixer el mes de novembre de 2017 com a resposta a una necessitat organitzativa i davant un canvi del paradigma informatiu i social. Amb la pand\u00e8mia provocada pel Coronavirus SARS-COV-2 l&#8217;aplicaci\u00f3 ha avan\u00e7at com una eina que supera alguns dels l\u00edmits imposats per la crisis sanit\u00e0ria permetent, entre altres, una digitalitzaci\u00f3 dels processos assistencials, incloent les consultes pedi\u00e0triques, sempre com a complement a les visites presencials quan aquestes s\u00f3n necess\u00e0ries.<\/p>\n\n\n\n<p>Amb motiu del cinqu\u00e8 aniversari, l\u2019equip conscient de les noves necessitats informatives ha fet un pas m\u00e9s per a consolidant-se com a eina d&#8217;informaci\u00f3 familiar, ja que permet als pares i mares disposar en la seva butxaca d&#8217;informaci\u00f3 sanit\u00e0ria sobre la salut dels petits de la casa evitant despla\u00e7aments, guanyant seguretat i efic\u00e0cia.<\/p>\n\n\n\n<p><strong>Integraci\u00f3 del blog de Pediatria Parlem-ne<\/strong><\/p>\n\n\n\n<p>L\u2019aplicaci\u00f3 ha integrat el contingut del blog de Pediatria Parlem-ne que durant una d\u00e8cada ha tingut un espai propi i que ara passa a ser una secci\u00f3 de l\u2019app. De fet, el blog va ser el primer canal comunicatiu creat des del Servei de Pediatria de BSA, que com l\u2019app, tenia per objectiu oferir informaci\u00f3 fiable a les fam\u00edlies sobre la salut i benestar dels infants amb mecanismes de bidireccionalitat.<\/p>\n\n\n\n<p>L\u2019equip anima la poblaci\u00f3 a utilitzar BSA APPediatria i a continuar valorant l\u2019app a trav\u00e9s de la secci\u00f3 <em>Valora<\/em> <em>l\u2019app<\/em> per seguir creixent per a i amb les necessitats de les fam\u00edlies.<\/p>\n","protected":false},"excerpt":{"rendered":"<p>BSA APPediatria, l\u2019app del Servei de Pediatria de Badalona Serveis Assistencials (BSA) renova forma i fons de l\u2019aplicaci\u00f3 pensant en el benefici \u00faltim de la seva comunitat que supera les 7.500desc\u00e0rregues. De fet, actualment les persones usu\u00e0ries poden triar si volen l\u2019app en catal\u00e0 o en castell\u00e0, segons les seves prefer\u00e8ncies, aix\u00ed com la personalitzaci\u00f3 [&hellip;]<\/p>\n","protected":false},"author":2,"featured_media":4326,"comment_status":"open","ping_status":"open","sticky":false,"template":"","format":"standard","meta":{"footnotes":""},"categories":[23,24],"tags":[],"class_list":{"0":"post-4325","1":"post","2":"type-post","3":"status-publish","4":"format-standard","5":"has-post-thumbnail","7":"category-actualitat","8":"category-societat"},"_links":{"self":[{"href":"https:\/\/areabadalona.com\/diario\/wp-json\/wp\/v2\/posts\/4325","targetHints":{"allow":["GET"]}}],"collection":[{"href":"https:\/\/areabadalona.com\/diario\/wp-json\/wp\/v2\/posts"}],"about":[{"href":"https:\/\/areabadalona.com\/diario\/wp-json\/wp\/v2\/types\/post"}],"author":[{"embeddable":true,"href":"https:\/\/areabadalona.com\/diario\/wp-json\/wp\/v2\/users\/2"}],"replies":[{"embeddable":true,"href":"https:\/\/areabadalona.com\/diario\/wp-json\/wp\/v2\/comments?post=4325"}],"version-history":[{"count":1,"href":"https:\/\/areabadalona.com\/diario\/wp-json\/wp\/v2\/posts\/4325\/revisions"}],"predecessor-version":[{"id":4327,"href":"https:\/\/areabadalona.com\/diario\/wp-json\/wp\/v2\/posts\/4325\/revisions\/4327"}],"wp:featuredmedia":[{"embeddable":true,"href":"https:\/\/areabadalona.com\/diario\/wp-json\/wp\/v2\/media\/4326"}],"wp:attachment":[{"href":"https:\/\/areabadalona.com\/diario\/wp-json\/wp\/v2\/media?parent=4325"}],"wp:term":[{"taxonomy":"category","embeddable":true,"href":"https:\/\/areabadalona.com\/diario\/wp-json\/wp\/v2\/categories?post=4325"},{"taxonomy":"post_tag","embeddable":true,"href":"https:\/\/areabadalona.com\/diario\/wp-json\/wp\/v2\/tags?post=4325"}],"curies":[{"name":"wp","href":"https:\/\/api.w.org\/{rel}","templated":true}]}}