{"id":4322,"date":"2022-11-07T12:12:20","date_gmt":"2022-11-07T12:12:20","guid":{"rendered":"https:\/\/areabadalona.com\/diario\/?p=4322"},"modified":"2022-11-07T12:12:20","modified_gmt":"2022-11-07T12:12:20","slug":"alumnes-de-linstitut-la-pineda-presenten-a-lescola-del-mar-lexposicio-de-la-pineda-al-mar","status":"publish","type":"post","link":"https:\/\/areabadalona.com\/diario\/2022\/11\/07\/alumnes-de-linstitut-la-pineda-presenten-a-lescola-del-mar-lexposicio-de-la-pineda-al-mar\/","title":{"rendered":"Alumnes de l\u2019institut La Pineda presenten a l\u2019Escola del Mar l\u2019exposici\u00f3 \u201cDe La Pineda al mar\u201d\u00a0"},"content":{"rendered":"\n<p>L\u2019Escola del Mar, Centre d\u2019Estudis Marins de Badalona, acull l\u2019exposici\u00f3 \u201cDe La Pineda al mar\u201d un projecte fotogr\u00e0fic realitzar per alumnes de 1r i 2n d\u2019ESO de l\u2019Institut La Pineda amb imatges dels espais i les persones que van trobar i con\u00e8ixer al llarg del cam\u00ed tra\u00e7at entre la pineda que hi ha darrere l\u2019institut i el mar.&nbsp;<\/p>\n\n\n\n<p>Entre els mesos de mar\u00e7 a maig de 2022, alumnes de l\u2019aula d\u2019acollida de l\u2019Institut La Pineda, al barri de Sant Crist de Can Cabanyes, van treballar amb el fot\u00f2graf Eugeni Gay en el marc del programa Fotografia en curs. Durant el proc\u00e9s, van retratar espais i persones que van trobar entre la pineda que l\u2019institut i el mar. En les sessions de treball i amb la trobada amb els pescadors a la Confraria de Badalona, van descobrir diferents transformacions de la ciutat i molts records relacionats amb el mar.&nbsp;<\/p>\n\n\n\n<p>L\u2019exposici\u00f3 \u00e9s una tria de totes les fotografies realitzades, acompanyades per les reflexions i els pensaments dels alumnes participants i es podr\u00e0 veure fins al 18 de novembre, de dilluns a divendres de 10 a 14 hores.&nbsp;<\/p>\n\n\n\n<p>El projecte de Fotografia en curs, de l\u2019associaci\u00f3 A Bao A Qu, ha comptat amb la col\u00b7laboraci\u00f3 del Departament de Cultura de la Generalitat de Catalunya, l\u2019Ajuntament de Badalona i el suport de Wonder Photos Shop.&nbsp;<\/p>\n\n\n\n<p>En aquest projecte fotogr\u00e0fic realitzat per alumnes de 1r i 2n d\u2019ESO de l\u2019aula d\u2019acollida de l\u2019Institut La Pineda han participat: Jhoan Alexander, Adam Yhovany Diaz Guzm\u00e1n, Katerin Lohany Garcia, Maria Jos\u00e9 Hern\u00e1ndez Estrada, Hassan Iftikhar, Sumaim Khan, Chicel L\u00f3pez, Bobby Osorio,&nbsp; Ismael Rivas, Sebastian Rares Rusu, Arman Safdar, Qasim Shahid, Ishmeet Singh, Elmer Nohe Velasquez, Xiangrun Ye (alumnes) i l\u2019acompanyament del docent \u00d2scar Bermell i el fot\u00f2graf Eugeni Gay. &nbsp;<\/p>\n","protected":false},"excerpt":{"rendered":"<p>L\u2019Escola del Mar, Centre d\u2019Estudis Marins de Badalona, acull l\u2019exposici\u00f3 \u201cDe La Pineda al mar\u201d un projecte fotogr\u00e0fic realitzar per alumnes de 1r i 2n d\u2019ESO de l\u2019Institut La Pineda amb imatges dels espais i les persones que van trobar i con\u00e8ixer al llarg del cam\u00ed tra\u00e7at entre la pineda que hi ha darrere l\u2019institut [&hellip;]<\/p>\n","protected":false},"author":2,"featured_media":4323,"comment_status":"open","ping_status":"open","sticky":false,"template":"","format":"standard","meta":{"footnotes":""},"categories":[23,25],"tags":[],"class_list":{"0":"post-4322","1":"post","2":"type-post","3":"status-publish","4":"format-standard","5":"has-post-thumbnail","7":"category-actualitat","8":"category-cultura"},"_links":{"self":[{"href":"https:\/\/areabadalona.com\/diario\/wp-json\/wp\/v2\/posts\/4322","targetHints":{"allow":["GET"]}}],"collection":[{"href":"https:\/\/areabadalona.com\/diario\/wp-json\/wp\/v2\/posts"}],"about":[{"href":"https:\/\/areabadalona.com\/diario\/wp-json\/wp\/v2\/types\/post"}],"author":[{"embeddable":true,"href":"https:\/\/areabadalona.com\/diario\/wp-json\/wp\/v2\/users\/2"}],"replies":[{"embeddable":true,"href":"https:\/\/areabadalona.com\/diario\/wp-json\/wp\/v2\/comments?post=4322"}],"version-history":[{"count":1,"href":"https:\/\/areabadalona.com\/diario\/wp-json\/wp\/v2\/posts\/4322\/revisions"}],"predecessor-version":[{"id":4324,"href":"https:\/\/areabadalona.com\/diario\/wp-json\/wp\/v2\/posts\/4322\/revisions\/4324"}],"wp:featuredmedia":[{"embeddable":true,"href":"https:\/\/areabadalona.com\/diario\/wp-json\/wp\/v2\/media\/4323"}],"wp:attachment":[{"href":"https:\/\/areabadalona.com\/diario\/wp-json\/wp\/v2\/media?parent=4322"}],"wp:term":[{"taxonomy":"category","embeddable":true,"href":"https:\/\/areabadalona.com\/diario\/wp-json\/wp\/v2\/categories?post=4322"},{"taxonomy":"post_tag","embeddable":true,"href":"https:\/\/areabadalona.com\/diario\/wp-json\/wp\/v2\/tags?post=4322"}],"curies":[{"name":"wp","href":"https:\/\/api.w.org\/{rel}","templated":true}]}}