{"id":4320,"date":"2022-11-07T12:10:49","date_gmt":"2022-11-07T12:10:49","guid":{"rendered":"https:\/\/areabadalona.com\/diario\/?p=4320"},"modified":"2022-11-07T12:10:49","modified_gmt":"2022-11-07T12:10:49","slug":"marina-badalona-engega-un-proces-participatiu-sobre-el-nou-pla-dusos-del-port","status":"publish","type":"post","link":"https:\/\/areabadalona.com\/diario\/2022\/11\/07\/marina-badalona-engega-un-proces-participatiu-sobre-el-nou-pla-dusos-del-port\/","title":{"rendered":"<strong>Marina Badalona engega un proc\u00e9s participatiu sobre el nou pla d\u2019usos del port<\/strong>"},"content":{"rendered":"\n<p>Marina Badalona inicia el proper 8 de novembre un proc\u00e9s informatiu i de participaci\u00f3 ciutadana sobre les l\u00ednies estrat\u00e8giques de la modificaci\u00f3 del Pla especial de desenvolupament del sistema general portuari de la ciutat, m\u00e9s conegut com Pla d\u2019usos, per presentar als principals agents de Badalona la nova proposta de port i comptar amb l\u2019opini\u00f3 i col\u00b7laboraci\u00f3 de la ciutadania.<\/p>\n\n\n\n<p>L\u2019objectiu d\u2019aquestes noves l\u00ednies estrat\u00e8giques del pla \u00e9s adequar els usos a les noves necessitats i futur d\u2019un port que es vol obrir encara m\u00e9s a la ciutat i vol contribuir a impulsar el desenvolupament econ\u00f2mic i social de Badalona i el Barcelon\u00e8s Nord. Amb els canvis que es presentaran en aquestes sessions es vol mostrar la voluntat per crear un port modern, accessible i sostenible al servei de la ciutat, que sigui un pol d\u2019atracci\u00f3 de coneixement i talent, de desenvolupament de l\u2019Economia Blava i d\u2019activitat esportiva, tur\u00edstica i cultural.<\/p>\n\n\n\n<p>El proc\u00e9s de participaci\u00f3 comptar\u00e0 amb la celebraci\u00f3 de quatre sessions presencials que es desenvoluparan a les instal\u00b7lacions del port. En aquest sentit, el dia 8 la sessi\u00f3 estar\u00e0 dirigida als operadors del port, el dimecres 9 ser\u00e0 el torn de les associacions de ve\u00efns i ve\u00efnatge proper, el dia 10 s\u2019adre\u00e7ar\u00e0 a les entitats econ\u00f2miques i el dissabte 12 estar\u00e0 oberta a tots els ciutadans i ciutadanes que vulguin participar-hi. A m\u00e9s, Marina Badalona ha creat una p\u00e0gina web (www.plausosportdebadalona.com) on tothom que vulgui podr\u00e0 fer la seva aportaci\u00f3 a trav\u00e9s d\u2019una b\u00fastia de suggeriments que estar\u00e0 oberta fins el proper 20 de novembre.<\/p>\n\n\n\n<p>L\u2019informe final d\u2019aquest proc\u00e9s informatiu i participatiu es presentar\u00e0 al desembre d\u2019aquest any i posteriorment es redactar\u00e0 el document del Pla Especial d\u2019Usos. Es preveu que durant el segon semestre de 2023 es dugui a terme l\u2019aprovaci\u00f3 inicial i al 2024 s\u2019aprovi definitivament.<\/p>\n\n\n\n<p>A m\u00e9s del proc\u00e9s participatiu, Marina Badalona ha organitzat una exposici\u00f3 sobre la hist\u00f2ria del port i les principals caracter\u00edstiques del pla d\u2019usos. Aquesta mostra es&nbsp;podr\u00e0 visitar a la sala d\u2019activitats n\u00e0utiques del port, situada al moll Nord, fins el dia 30 de novembre.<\/p>\n","protected":false},"excerpt":{"rendered":"<p>Marina Badalona inicia el proper 8 de novembre un proc\u00e9s informatiu i de participaci\u00f3 ciutadana sobre les l\u00ednies estrat\u00e8giques de la modificaci\u00f3 del Pla especial de desenvolupament del sistema general portuari de la ciutat, m\u00e9s conegut com Pla d\u2019usos, per presentar als principals agents de Badalona la nova proposta de port i comptar amb l\u2019opini\u00f3 [&hellip;]<\/p>\n","protected":false},"author":2,"featured_media":3247,"comment_status":"open","ping_status":"open","sticky":false,"template":"","format":"standard","meta":{"footnotes":""},"categories":[23],"tags":[],"class_list":{"0":"post-4320","1":"post","2":"type-post","3":"status-publish","4":"format-standard","5":"has-post-thumbnail","7":"category-actualitat"},"_links":{"self":[{"href":"https:\/\/areabadalona.com\/diario\/wp-json\/wp\/v2\/posts\/4320","targetHints":{"allow":["GET"]}}],"collection":[{"href":"https:\/\/areabadalona.com\/diario\/wp-json\/wp\/v2\/posts"}],"about":[{"href":"https:\/\/areabadalona.com\/diario\/wp-json\/wp\/v2\/types\/post"}],"author":[{"embeddable":true,"href":"https:\/\/areabadalona.com\/diario\/wp-json\/wp\/v2\/users\/2"}],"replies":[{"embeddable":true,"href":"https:\/\/areabadalona.com\/diario\/wp-json\/wp\/v2\/comments?post=4320"}],"version-history":[{"count":1,"href":"https:\/\/areabadalona.com\/diario\/wp-json\/wp\/v2\/posts\/4320\/revisions"}],"predecessor-version":[{"id":4321,"href":"https:\/\/areabadalona.com\/diario\/wp-json\/wp\/v2\/posts\/4320\/revisions\/4321"}],"wp:featuredmedia":[{"embeddable":true,"href":"https:\/\/areabadalona.com\/diario\/wp-json\/wp\/v2\/media\/3247"}],"wp:attachment":[{"href":"https:\/\/areabadalona.com\/diario\/wp-json\/wp\/v2\/media?parent=4320"}],"wp:term":[{"taxonomy":"category","embeddable":true,"href":"https:\/\/areabadalona.com\/diario\/wp-json\/wp\/v2\/categories?post=4320"},{"taxonomy":"post_tag","embeddable":true,"href":"https:\/\/areabadalona.com\/diario\/wp-json\/wp\/v2\/tags?post=4320"}],"curies":[{"name":"wp","href":"https:\/\/api.w.org\/{rel}","templated":true}]}}