{"id":4317,"date":"2022-11-07T11:56:20","date_gmt":"2022-11-07T11:56:20","guid":{"rendered":"https:\/\/areabadalona.com\/diario\/?p=4317"},"modified":"2022-11-07T11:56:21","modified_gmt":"2022-11-07T11:56:21","slug":"acord-entre-lajuntament-la-fundacio-badalona-capac-i-src-betula-de-bsa-per-desenvolupar-activitats-de-voluntariat-en-el-centre-dacollida-danimals-de-companyia","status":"publish","type":"post","link":"https:\/\/areabadalona.com\/diario\/2022\/11\/07\/acord-entre-lajuntament-la-fundacio-badalona-capac-i-src-betula-de-bsa-per-desenvolupar-activitats-de-voluntariat-en-el-centre-dacollida-danimals-de-companyia\/","title":{"rendered":"Acord entre l\u2019Ajuntament, la Fundaci\u00f3 Badalona Capa\u00e7 i SRC B\u00e9tula de BSA per desenvolupar activitats de voluntariat en el Centre d\u2019Acollida d\u2019Animals de Companyia\u00a0"},"content":{"rendered":"\n<p>L\u2019Ajuntament de Badalona ha establert un acord de col\u00b7laboraci\u00f3 amb la Fundaci\u00f3 Badalona Capa\u00e7 i el Servei de Rehabilitaci\u00f3 Comunit\u00e0ria SRC B\u00e9tula de BSA, entitats que treballen amb persones amb discapacitat intel\u00b7lectual i del desenvolupament o amb problemes de salut mental, per desenvolupar activitats de voluntariat en el Centre d&#8217;Acollida d&#8217;Animals de Companyia del Barcelon\u00e8s Nord, situat al cam\u00ed dels Xiprers de Badalona i gestionat per la Fundaci\u00f3 per a la Defensa dels Animals i la Natura (Fundaci\u00f3 Daina).&nbsp;<\/p>\n\n\n\n<p>Des de fa setmanes persones de totes dues entitats acudeixen al Centre de manera habitual per participar i col\u00b7laborar, juntament amb els monitors, en activitats com passejar els gossos.&nbsp;<\/p>\n\n\n\n<p><strong>Benefici mutu&nbsp;<\/strong><\/p>\n\n\n\n<p>La regidora de Medi Ambient, Sostenibilitat i Benestar Animal de l\u2019Ajuntament de Badalona, Rosa Trenado, ha afirmat que: \u201c\u00e9s un orgull per a Badalona fer possible programes de voluntariat tan importants com aquests que comporten un benefici mutu, tant per als voluntaris i volunt\u00e0ries, com per als animals que necessiten sortir de les g\u00e0bies amb la m\u00e0xima freq\u00fc\u00e8ncia possible, creant-se un vincle afectiu entre les persones i els animals\u201d. La regidora ha agra\u00eft tamb\u00e9 el treball de la gestora del Centre, la Fundaci\u00f3 Daina, que ha proporcionat totes les facilitats per a poder dur a terme aquesta experi\u00e8ncia.&nbsp;<\/p>\n\n\n\n<p>L\u2019\u00c0rea de Benestar Animal de l\u2019Ajuntament de Badalona t\u00e9 entre els seus objectius donar a con\u00e8ixer la funci\u00f3 del Centre d&#8217;Acollida d\u2019Animals que presta servei als municipis de Badalona, Santa Coloma de Gramenet i Sant Adri\u00e0 de Bes\u00f2s, fomentar l&#8217;adopci\u00f3 d&#8217;animals abandonats i conscienciar sobre el seu benestar.&nbsp;<\/p>\n\n\n\n<p>Per a la presidenta de la Fundaci\u00f3 Badalona Capa\u00e7, Maite Arqu\u00e9, \u201caquestes accions s\u2019emmarquen dins els programes comunitaris i de voluntariat que es desenvolupen per tota la ciutat amb col\u00b7laboraci\u00f3 amb diferents entitats i que faciliten la participaci\u00f3 activa com a ciutadans de ple dret de les persones que acompanyem, donant resposta als seus interessos individuals\u201d. &nbsp;<\/p>\n\n\n\n<p>Des del Servei de Rehabilitaci\u00f3 Comunit\u00e0ria B\u00e9tula de BSA asseguren que aquesta iniciativa repercuteix en un impacte positiu directe en l\u2019autopercepci\u00f3 dels usuaris i usu\u00e0ries del SRC B\u00e9tula de BSA, assolint un nivell de realitzaci\u00f3 i establint una relaci\u00f3 de cura que reverteix tant en la persona com en l\u2019animal, formant una mena de simbiosi.&nbsp;<\/p>\n","protected":false},"excerpt":{"rendered":"<p>L\u2019Ajuntament de Badalona ha establert un acord de col\u00b7laboraci\u00f3 amb la Fundaci\u00f3 Badalona Capa\u00e7 i el Servei de Rehabilitaci\u00f3 Comunit\u00e0ria SRC B\u00e9tula de BSA, entitats que treballen amb persones amb discapacitat intel\u00b7lectual i del desenvolupament o amb problemes de salut mental, per desenvolupar activitats de voluntariat en el Centre d&#8217;Acollida d&#8217;Animals de Companyia del Barcelon\u00e8s [&hellip;]<\/p>\n","protected":false},"author":2,"featured_media":4318,"comment_status":"open","ping_status":"open","sticky":false,"template":"","format":"standard","meta":{"footnotes":""},"categories":[23],"tags":[],"class_list":{"0":"post-4317","1":"post","2":"type-post","3":"status-publish","4":"format-standard","5":"has-post-thumbnail","7":"category-actualitat"},"_links":{"self":[{"href":"https:\/\/areabadalona.com\/diario\/wp-json\/wp\/v2\/posts\/4317","targetHints":{"allow":["GET"]}}],"collection":[{"href":"https:\/\/areabadalona.com\/diario\/wp-json\/wp\/v2\/posts"}],"about":[{"href":"https:\/\/areabadalona.com\/diario\/wp-json\/wp\/v2\/types\/post"}],"author":[{"embeddable":true,"href":"https:\/\/areabadalona.com\/diario\/wp-json\/wp\/v2\/users\/2"}],"replies":[{"embeddable":true,"href":"https:\/\/areabadalona.com\/diario\/wp-json\/wp\/v2\/comments?post=4317"}],"version-history":[{"count":1,"href":"https:\/\/areabadalona.com\/diario\/wp-json\/wp\/v2\/posts\/4317\/revisions"}],"predecessor-version":[{"id":4319,"href":"https:\/\/areabadalona.com\/diario\/wp-json\/wp\/v2\/posts\/4317\/revisions\/4319"}],"wp:featuredmedia":[{"embeddable":true,"href":"https:\/\/areabadalona.com\/diario\/wp-json\/wp\/v2\/media\/4318"}],"wp:attachment":[{"href":"https:\/\/areabadalona.com\/diario\/wp-json\/wp\/v2\/media?parent=4317"}],"wp:term":[{"taxonomy":"category","embeddable":true,"href":"https:\/\/areabadalona.com\/diario\/wp-json\/wp\/v2\/categories?post=4317"},{"taxonomy":"post_tag","embeddable":true,"href":"https:\/\/areabadalona.com\/diario\/wp-json\/wp\/v2\/tags?post=4317"}],"curies":[{"name":"wp","href":"https:\/\/api.w.org\/{rel}","templated":true}]}}