{"id":4311,"date":"2022-11-04T11:46:30","date_gmt":"2022-11-04T11:46:30","guid":{"rendered":"https:\/\/areabadalona.com\/diario\/?p=4311"},"modified":"2022-11-04T11:46:30","modified_gmt":"2022-11-04T11:46:30","slug":"activitats-de-la-xarxa-de-biblioteques-municipals-de-badalona-programades-per-aquest-mes-de-novembre","status":"publish","type":"post","link":"https:\/\/areabadalona.com\/diario\/2022\/11\/04\/activitats-de-la-xarxa-de-biblioteques-municipals-de-badalona-programades-per-aquest-mes-de-novembre\/","title":{"rendered":"Activitats de la Xarxa de Biblioteques Municipals de Badalona programades per aquest mes de novembre\u00a0"},"content":{"rendered":"\n<p>La Xarxa de Biblioteques Municipals de Badalona (Badabiblios) ha programat per aquest mes de novembre una \u00e0mplia oferta d\u2019activitats infantils a c\u00e0rrec de conta contes i companyies professionals, amb propostes que aposten pel foment de la lectura, l\u2019experimentaci\u00f3 i la transmissi\u00f3 de valors i que aborden q\u00fcestions sensibles i d\u2019actualitat.&nbsp;<\/p>\n\n\n\n<p>Entre les programaci\u00f3 destaquen els contes flamencs, una iniciativa pedag\u00f2gica de conte i espectacle per acostar el flamenc al p\u00fablic infantil; els contes i tallers de benestar emocional; els tallers experimentals amb motiu de la Setmana de la Ci\u00e8ncia; i la sessi\u00f3 en la que participar\u00e0 Nadia Ghulam, escriptora afganesa que viu a Badalona, qui explicar\u00e0 <em>Ponts de llum,<\/em> un conte que convida a reflexionar sobre la import\u00e0ncia de construir ponts d\u2019esperan\u00e7a, conviv\u00e8ncia, respecte i pau. &nbsp;<\/p>\n\n\n\n<p>Aquest mes torna el cicle \u201cVa de Novel.la Hist\u00f2rica\u201d amb una proposta d\u2019activitats per rememorar el per\u00edode dels anys 20 del segle XX en l\u2019\u00e0mbit badalon\u00ed. El cicle compta amb la col\u00b7laboraci\u00f3 de l\u2019historiador i escriptor Joaquim Molina i t\u00e9 com a fil conductor la literatura. En el marc del cicle es podr\u00e0 gaudir de tert\u00falies, m\u00fasica en directe i una visita a l\u2019exposici\u00f3 guiada \u201cPerfumeria Parera. 100 anys de Varon Dandy\u201d. Entre els participants en el cicle destaquen l\u2019escriptor Sergio Vila-Sanju\u00e1n i la banda de m\u00fasica Game of Tons.&nbsp;<\/p>\n\n\n\n<p><strong><u>L\u2019HORA DEL CONTE&nbsp;<\/u><\/strong><\/p>\n\n\n\n<p>Recordem que totes les activitats de L\u2019Hora del Conte tenen aforament limitat. Per a assistir a qualsevol activitat, cal fer reserva pr\u00e8via a:&nbsp;<\/p>\n\n\n\n<p>&#8211; Biblioteca Can Casacuberta\/Sala Josep Ucl\u00e9s: <a href=\"mailto:b.badalona.cc@diba.cat\">b.badalona.cc@diba.cat<\/a>. Tel\u00e8fon: 681341645&nbsp;<\/p>\n\n\n\n<p>&#8211; Biblioteca Canyad\u00f3 i Casagemes \u2013 Joan Argent\u00e9: <a href=\"mailto:b.badalona.ca@diba.cat\">b.badalona.ca@diba.cat<\/a>, Tel\u00e8fon: 934614789&nbsp;<\/p>\n\n\n\n<p>&#8211; Biblioteca Llefi\u00e0-Xavier Soto: <a href=\"mailto:b.badalona.lle@diba.cat\">b.badalona.lle@diba.cat<\/a>. Tel\u00e8fon: 933832970&nbsp;<\/p>\n\n\n\n<p>&#8211; Biblioteca Lloreda: &nbsp;<a href=\"mailto:b.badalona.llo@diba.cat\">b.badalona.llo@diba.cat<\/a>. Tel\u00e8fon: 933873175&nbsp;&nbsp;&nbsp;&nbsp;&nbsp;&nbsp;&nbsp;&nbsp;&nbsp; &nbsp;<\/p>\n\n\n\n<p>&#8211; Biblioteca Pomar: <a href=\"mailto:b.badalona.p@diba.cat\">b.badalona.p@diba.cat<\/a>. Tel\u00e8fon: 933953507&nbsp;<\/p>\n\n\n\n<p>&#8211; Biblioteca Sant Roc: <a href=\"mailto:b.badalona.sr@diba.cat\">b.badalona.sr@diba.cat<\/a>. Tel\u00e8fon: 934601257&nbsp;<\/p>\n\n\n\n<p>Del 2 al 9 de novembre&nbsp;<\/p>\n\n\n\n<p>Biblioteca i Salut &#8211; <strong>L\u2019arbre dels records de Britta Teckentrup&nbsp;&nbsp;&nbsp;&nbsp;&nbsp; <\/strong>&nbsp;<\/p>\n\n\n\n<p>Conte i taller de benestar emocional \u201cEl dol\u00bb, dedicat a la tem\u00e0tica de la gesti\u00f3 del dol en els infants. Est\u00e0 destinat a un p\u00fablic familiar a partir de 4 anys&nbsp;<\/p>\n\n\n\n<p>Biblioteca Pomar. 2 de novembre&nbsp;<\/p>\n\n\n\n<p>Biblioteca Can Casacuberta \/ Sala Josep Ucl\u00e9s. 3 de novembre&nbsp;<\/p>\n\n\n\n<p>Biblioteca Sant Roc. 7 de novembre.&nbsp;&nbsp;&nbsp;&nbsp; &nbsp;<\/p>\n\n\n\n<p>Biblioteca Canyad\u00f3 i Casagemes &#8211; Joan Argent\u00e9. 8 de novembre.&nbsp;<\/p>\n\n\n\n<p>Biblioteca Llefi\u00e0 &#8211; Xavier Soto. 9 de novembre.&nbsp;<\/p>\n\n\n\n<p>Biblioteca Lloreda. 9 de novembre.&nbsp;<\/p>\n\n\n\n<p>La sessi\u00f3 forma part del programa Badalona Ciutat Saludable, una iniciativa del Servei de Salut de l\u2019Ajuntament i la Xarxa Municipal de Biblioteques de Badalona, que, a trav\u00e9s de la iniciativa Biblioteca i Salut, pret\u00e9n, mitjan\u00e7ant activitats l\u00fadiques (contes i tallers), fer arribar els missatges d\u2019h\u00e0bits saludables a la poblaci\u00f3 infantil i les seves fam\u00edlies&nbsp;<\/p>\n\n\n\n<p>10 de novembre, a les 18 hores, a la Biblioteca Sant Roc&nbsp;<\/p>\n\n\n\n<p><strong>\u201cEl flamenco en f\u00e1bula\u201d. Contes flamencs&nbsp;<\/strong><\/p>\n\n\n\n<p>Una manera d\u2019explicar l\u2019art flamenc als m\u00e9s petits amb narraci\u00f3 i espectacle.&nbsp;<\/p>\n\n\n\n<p>A c\u00e0rrec de Silvia Lara com a narradora, la <em>bailaora<\/em> Lorena Carabante i de Jos\u00e9 M. Parra a la guitarra. Amb la col\u00b7laboraci\u00f3 de Flamenco Vivo de Badalona. Activitat destinada a un p\u00fablic familiar a partir de 4 anys.&nbsp;<\/p>\n\n\n\n<p>10 de novembre a les 18 hores, a la Biblioteca Can Casacuberta \/ Sala Josep Ucl\u00e9s. &nbsp;<\/p>\n\n\n\n<p><strong>Dins del bosc&nbsp;<\/strong><\/p>\n\n\n\n<p>Un bosc amaga molt secrets: animalons que no volen ser vistos i hist\u00f2ries que volen ser explicades. Ens acompanyeu a descobrir-los? A c\u00e0rrec de Lidia Clua. Contes per a nadons de 0 a 3 anys&nbsp;<\/p>\n\n\n\n<p>22 de novembre a les 17.30 hores, a la Biblioteca Canyad\u00f3 i Casagemes &#8211; Joan Argent\u00e9&nbsp;<\/p>\n\n\n\n<p><strong>La casa encantada&nbsp;<\/strong><\/p>\n\n\n\n<p>Espectacle multidisciplinari per a p\u00fablic familiar que combina m\u00fasica, dansa, clown, manipulaci\u00f3 d\u2019objectes, projeccions d\u2019ombres i de v\u00eddeo. A c\u00e0rrec de Keke Shuga. Activitat destinada a un p\u00fablic familiar a partir de 4 anys.&nbsp;<\/p>\n\n\n\n<p>23 de novembre a les 17.30 h, a la Biblioteca Llefi\u00e0 &#8211; Xavier Soto&nbsp;<\/p>\n\n\n\n<p><strong>Els drets dels petits&nbsp;&nbsp;&nbsp;&nbsp;&nbsp;&nbsp;&nbsp;&nbsp;&nbsp; &nbsp;<\/strong><\/p>\n\n\n\n<p>Divertida sessi\u00f3 de contes que tracta alguns dels drets dels infants en commemoraci\u00f3 del 20 de novembre, Dia Internacional dels Drets dels Infants.&nbsp;<\/p>\n\n\n\n<p>A c\u00e0rrec de Raig de Sol. Destinat a un p\u00fablic familiar, a partir de 3 anys&nbsp;<\/p>\n\n\n\n<p>23 de novembre, a les 17.30 hores, a la Biblioteca Pomar&nbsp;<\/p>\n\n\n\n<p><strong>Ponts de llum&nbsp;<\/strong><\/p>\n\n\n\n<p>A c\u00e0rrec de Nadia Ghulam. Activitat destinada a un p\u00fablic familiar a partir de 4 anys.&nbsp;<\/p>\n\n\n\n<p>29 de novembre a les 17:30 hores, a la Biblioteca Canyad\u00f3 i Casagemes &#8211; Joan Argent\u00e9&nbsp;<\/p>\n\n\n\n<p><strong>Contes d&#8217;animalons, bestiari per nadons&nbsp;<\/strong><\/p>\n\n\n\n<p>A c\u00e0rrec d\u2019Elena Cod\u00f3. Contes per nadons de 0 a 3 anys.&nbsp;<\/p>\n\n\n\n<p>30 de novembre, a les 17.30 hores. Biblioteca Llefi\u00e0 &#8211; Xavier Soto&nbsp;<\/p>\n\n\n\n<p><strong>Taller Fem el pessebre amb plastilina&nbsp;<\/strong><\/p>\n\n\n\n<p>P\u00fablic familiar, de 3 a 14 anys. Cal inscripci\u00f3 pr\u00e8via a <a href=\"mailto:b.badalona.lle@diba.cat\">b.badalona.lle@diba.cat<\/a> o trucant al tel\u00e8fon 93 383 29 70.&nbsp;&nbsp;&nbsp;&nbsp;&nbsp;&nbsp;&nbsp;&nbsp;&nbsp;&nbsp; &nbsp;<\/p>\n\n\n\n<p><strong><u>COMPARTIM EL CONEIXEMENT&nbsp;<\/u><\/strong><\/p>\n\n\n\n<p><strong>Propostes per a p\u00fablic infantil:&nbsp;<\/strong><\/p>\n\n\n\n<p>Els dies 4, 11 i 25 de novembre, a les 17:30 h, a la Biblioteca Canyad\u00f3 i Casagemes &#8211; Joan Argent\u00e9&nbsp;&nbsp;&nbsp;&nbsp;&nbsp;&nbsp;&nbsp;&nbsp;&nbsp;&nbsp;&nbsp; &nbsp;<\/p>\n\n\n\n<p><strong>Taller Ficci\u00f3 en joc&nbsp;&nbsp;&nbsp;&nbsp;&nbsp;&nbsp;&nbsp;&nbsp;&nbsp;&nbsp; &nbsp;<\/strong><\/p>\n\n\n\n<p>Club del (video)joc. Taller destinat a persones que li agraden els videojocs i debatre sobre aquest tema. El taller aporta una altra perspectiva dels videojocs. A c\u00e0rrec d\u2019Al\u00edcia Mart\u00ednez. Destinat a joves de 9 a 13 anys.&nbsp;<\/p>\n\n\n\n<p>12 de novembre, de les 10 a les 14 h, a la Biblioteca Canyad\u00f3 i Casagemes &#8211; Joan Argent\u00e9&nbsp; &nbsp;<\/p>\n\n\n\n<p><strong>Capsa de les b\u00e8sties&nbsp;<\/strong><\/p>\n\n\n\n<p>Experimentarem i descobrirem els secrets de La Capsa de les B\u00e8sties, una exposici\u00f3 interactiva que ens endinsar\u00e0 dins el m\u00f3n de Josep Carner i a la seva obra Bestiari. Activitat destinada a un p\u00fablic familiar.&nbsp;<\/p>\n\n\n\n<p>15 de novembre, a les 17:30 hores, a la Biblioteca Canyad\u00f3 i Casagemes \u2013 Joan Argent\u00e9&nbsp;&nbsp;&nbsp;&nbsp; &nbsp;<\/p>\n\n\n\n<p><strong>Taller Experiments a la biblioteca&nbsp;<\/strong><\/p>\n\n\n\n<p>Activitat emmarcada en la celebraci\u00f3 de la Setmana de la Ci\u00e8ncia. A c\u00e0rrec de Jordi Costa. Activitat per a infants de 4 a 9 anys. &nbsp;<\/p>\n\n\n\n<p>15 de novembre, a les 18 h, a la Biblioteca Can Casacuberta\/Sala Josep Ucl\u00e9s i 16 de novembre a les 17.30, a la Biblioteca Llefi\u00e0 &#8211; Xavier Soto&nbsp;&nbsp;&nbsp; &nbsp;<\/p>\n\n\n\n<p>Taller <strong>\u00abExtraodinari viatge a la Meteo\u00bb. La ci\u00e8ncia \u00e9s un joc&nbsp;&nbsp;&nbsp;&nbsp;&nbsp;&nbsp; <\/strong>&nbsp;<\/p>\n\n\n\n<p>Activitat emmarcada en la celebraci\u00f3 de la Setmana de la Ci\u00e8ncia. A c\u00e0rrec de l\u2019Associaci\u00f3 Ecometta. P\u00fablic familiar, a partir de 4 anys.&nbsp;<\/p>\n\n\n\n<p>21 de novembre, a les 18 h, a la Biblioteca Sant Roc&nbsp;<\/p>\n\n\n\n<p><strong>Lego family. Mentes din\u00e1micas&nbsp;<\/strong><\/p>\n\n\n\n<p>Activitat emmarcada en la celebraci\u00f3 de la Setmana de la Ci\u00e8ncia. P\u00fablic familiar, a partir de 6 anys.&nbsp;&nbsp;&nbsp;&nbsp;&nbsp;&nbsp;&nbsp;&nbsp;&nbsp;&nbsp;&nbsp;&nbsp;&nbsp;&nbsp;&nbsp;&nbsp;&nbsp;&nbsp;&nbsp;&nbsp;&nbsp;&nbsp;&nbsp;&nbsp;&nbsp;&nbsp;&nbsp;&nbsp;&nbsp;&nbsp;&nbsp;&nbsp;&nbsp;&nbsp;&nbsp;&nbsp;&nbsp;&nbsp;&nbsp;&nbsp;&nbsp;&nbsp;&nbsp;&nbsp;&nbsp;&nbsp;&nbsp;&nbsp;&nbsp;&nbsp;&nbsp;&nbsp;&nbsp;&nbsp;&nbsp;&nbsp;&nbsp;&nbsp;&nbsp;&nbsp;&nbsp;&nbsp;&nbsp;&nbsp;&nbsp;&nbsp;&nbsp;&nbsp;&nbsp;&nbsp;&nbsp;&nbsp;&nbsp;&nbsp;&nbsp;&nbsp;&nbsp;&nbsp;&nbsp;&nbsp;&nbsp;&nbsp;&nbsp;&nbsp;&nbsp;&nbsp;&nbsp;&nbsp;&nbsp;&nbsp;&nbsp;&nbsp;&nbsp;&nbsp;&nbsp;&nbsp;&nbsp;&nbsp;&nbsp;&nbsp;&nbsp;&nbsp;&nbsp;&nbsp;&nbsp;&nbsp;&nbsp;&nbsp;&nbsp;&nbsp;&nbsp;&nbsp;&nbsp;&nbsp;&nbsp;&nbsp;&nbsp;&nbsp;&nbsp;&nbsp;&nbsp;&nbsp;&nbsp;&nbsp;&nbsp;&nbsp;&nbsp;&nbsp;&nbsp;&nbsp;&nbsp;&nbsp;&nbsp;&nbsp;&nbsp;&nbsp;&nbsp;&nbsp;&nbsp;&nbsp;&nbsp;&nbsp;&nbsp;&nbsp;&nbsp;&nbsp;&nbsp;&nbsp;&nbsp;&nbsp;&nbsp;&nbsp; &nbsp;<\/p>\n\n\n\n<p><strong>Per a p\u00fablic adult:&nbsp;<\/strong><\/p>\n\n\n\n<p>Del 31 d\u2019octubre al 28 de novembre, a la Biblioteca Canyad\u00f3 i Casagemes-Joan Argent\u00e9&nbsp;<\/p>\n\n\n\n<p><strong>Exposici\u00f3 DIBUIXEM BADALONA<\/strong>. Dibuixos desconfinats &nbsp;<\/p>\n\n\n\n<p>Del 14 al 26 de novembre, a la Biblioteca Llefi\u00e0-Xavier Soto&nbsp;<\/p>\n\n\n\n<p><strong>Drets dels infants: caps, cors, mans&#8230;acci\u00f3!&nbsp;<\/strong><\/p>\n\n\n\n<p>Mostra bibliogr\u00e0fica. Tria de contes i llibres que parlen dels drets dels infants i ofereixen recursos per reflexionar sobre la seva import\u00e0ncia.&nbsp;<\/p>\n\n\n\n<p>17 de novembre, a les 18 hores, a la Biblioteca Canyad\u00f3 i Casagemes &#8211; Joan Argent\u00e9&nbsp;<\/p>\n\n\n\n<p><strong>Fake news: no et deixis enganyar&nbsp;&nbsp;&nbsp;&nbsp;&nbsp;&nbsp; &nbsp;<\/strong><\/p>\n\n\n\n<p>Taller Connecta&#8217;t. Curs subvencionat pel Servei de Biblioteques de la Diputaci\u00f3 de Barcelona. A c\u00e0rrec de la Fundaci\u00f3 Pere Tarr\u00e9s&nbsp;<\/p>\n\n\n\n<p>Aforament limitat. Inscripci\u00f3 pr\u00e8via a <a href=\"mailto:b.badalona.ca@diba.cat\">b.badalona.ca@diba.cat<\/a>, trucant al tel\u00e8fon 934 61 47 89 o&nbsp;presencialment a la pr\u00f2pia biblioteca.&nbsp;&nbsp;<\/p>\n\n\n\n<p>18 de novembre, a les 18:30 hores, a la Biblioteca Can Casacuberta &#8211; Sala d\u2019actes Espai Bet\u00falia&nbsp;<\/p>\n\n\n\n<p><strong>Xerrada \u201cEl dol, com afrontar una p\u00e8rdua\u201d&nbsp;<\/strong><\/p>\n\n\n\n<p>A c\u00e0rrec d\u2019Anji Carmelo. Aforament limitat.&nbsp;<\/p>\n\n\n\n<p>La sessi\u00f3 forma part del programa Badalona Ciutat Saludable.&nbsp;<\/p>\n\n\n\n<p>22 de novembre, a les 11:30 hores, a la Biblioteca Llefi\u00e0-Xavier Soto&nbsp;<\/p>\n\n\n\n<p><strong>Xerrada \u201cQu\u00e8 cal saber de la diabetis\u201d&nbsp;<\/strong><\/p>\n\n\n\n<p>A c\u00e0rrec del farmac\u00e8utic Joan Boix Nebot. Aforament limitat.&nbsp;<\/p>\n\n\n\n<p>Activitat del Programa d\u2019Educaci\u00f3 Sanit\u00e0ria pel Bon \u00das dels Medicaments (PESBUM), fru\u00eft de la col\u00b7laboraci\u00f3 entre el Consell de Col\u00b7legis Farmac\u00e8utics de Catalunya i el CatSalut que se suma al programa Badalona Ciutat Saludable.&nbsp;<\/p>\n\n\n\n<p>1 de desembre, a les 18 hores, a la Biblioteca Canyad\u00f3 i Casagemes &#8211; Joan Argent\u00e9 &nbsp;<\/p>\n\n\n\n<p><strong>Xerrada \u201cEl pa amb el gust de sempre\u201d&nbsp;<\/strong><\/p>\n\n\n\n<p>T\u2019agradaria con\u00e8ixer una mica m\u00e9s el m\u00f3n del pa artes\u00e0 i tot el que envolta la seva elaboraci\u00f3? Vols fer un tast amb m\u00e9s de 12 varietats diferents de pa? Vols tastar una massa mare natural de m\u00e9s de 10 anys d\u2019antiguitat? Tot aix\u00f2 i alguna sorpresa m\u00e9s \u00e9s el que podr\u00e0s fer de la m\u00e0 del Xavier Barriga, flequer badalon\u00ed de quarta generaci\u00f3. &nbsp;<\/p>\n\n\n\n<p>Aforament limitat. Inscripci\u00f3 pr\u00e8via a <a href=\"mailto:b.badalona.ca@diba.cat\">b.badalona.ca@diba.cat<\/a>, trucant al tel\u00e8fon 934 61 47 89 o presencialment a la pr\u00f2pia biblioteca.&nbsp;<\/p>\n\n\n\n<p><strong><u>ACTIVITATS LITER\u00c0RIES&nbsp;<\/u><\/strong><\/p>\n\n\n\n<p>5 de novembre, a les 12 h, a la Biblioteca Canyad\u00f3 i Casagemes &#8211; Joan Argent\u00e9&nbsp;<\/p>\n\n\n\n<p><strong>Presentaci\u00f3 de llibre <em>Desde los ojos del alma&nbsp;&nbsp;&nbsp;&nbsp;&nbsp;&nbsp;&nbsp;&nbsp; <\/em>&nbsp;<\/strong><\/p>\n\n\n\n<p>A c\u00e0rrec de la seva autora Ile Yemaya &nbsp;<\/p>\n\n\n\n<p>Del 17 de novembre al 15 de desembre&nbsp;<\/p>\n\n\n\n<p><strong><u>Cicle \u201cVa de novel\u00b7la hist\u00f2rica\u201d&nbsp;<\/u><\/strong><\/p>\n\n\n\n<p>17 de novembre, a les 19 hores, a la Biblioteca Can Casacuberta &#8211; Sala Josep Ucl\u00e9s&nbsp;<\/p>\n\n\n\n<p><strong>El Pistolerisme&nbsp;<\/strong><\/p>\n\n\n\n<p>A c\u00e0rrec de: Sergio Vila-Sanju\u00e1n i Joaquim Molina&nbsp;<\/p>\n\n\n\n<p>Tert\u00falia a partir de l\u2019obra <em>Una hereva de Barcelona<\/em>, de Sergio Vila-Sanju\u00e1n&nbsp;<\/p>\n\n\n\n<p>24 de novembre, a les 19 hores, a la Sala Josep Ucl\u00e9s&nbsp;<\/p>\n\n\n\n<p><strong>L\u2019associacionisme com a motor cultural i educatiu &nbsp;<\/strong><\/p>\n\n\n\n<p>A c\u00e0rrec de: Jordi Albaladejo, Joaquim Molina i Anna Pruneda&nbsp;<\/p>\n\n\n\n<p>Seguidament la banda Games of Tones far\u00e0 una actuaci\u00f3 de musica swing. &nbsp;<\/p>\n\n\n\n<p>Tert\u00falia a partir de l\u2019obra <em>Associacionisme educatiu i cultural<\/em>,&nbsp; de Jordi Albaladejo&nbsp;<\/p>\n\n\n\n<p>20 de desembre, a les 19 hores, al Museu de Badalona&nbsp;<\/p>\n\n\n\n<p><strong>Exposici\u00f3&nbsp; \u201cPerfumeria Parera. 100 anys de Varon Dandy\u201d&nbsp;<\/strong><\/p>\n\n\n\n<p>Visita guiada&nbsp;<\/p>\n\n\n\n<p><strong><u>Altres not\u00edcies&nbsp;<\/u><\/strong><\/p>\n\n\n\n<p>Des de la Xarxa de Biblioteques Municipals de Badalona es recorda que tamb\u00e9 estan a disponibilitat dels usuaris les seg\u00fcents activitats:&nbsp;<\/p>\n\n\n\n<p>&#8211; Estan en marxa les activitats del Club Secret de Lectura, el club de lectura juvenil de les biblioteques de Badalona. Si hi esteu interessats a participar-hi, contacteu directament amb la biblioteca que tingueu m\u00e9s pr\u00f2xima.&nbsp;<\/p>\n\n\n\n<p>&#8211; Les biblioteques organitzen laboratoris i altres activitats a les escoles. Aquest novembre, la Biblioteca Pomar porta \u201cEl meu llibre dels malvats\u201d a l\u2019IES Sant Jordi, un laboratori de lectura a c\u00e0rrec de la Judith Navarro&nbsp; de la Petita Companyia. &nbsp;<\/p>\n\n\n\n<p>&#8211; Encara queden places lliures al club de lectura de les biblioteques Llefi\u00e0-Xavier Soto, Pomar i Sant Roc. Si hi esteu interessats, contacteu directament amb la biblioteca.&nbsp;<\/p>\n\n\n\n<p>&#8211; Recordem que a la Biblioteca Lloreda es fan converses presencials en angl\u00e8s i alemany i que a la Biblioteca Pomar es fa un club virtual sobre cinema. Si esteu interessats, contacteu directament amb aquestes biblioteques.&nbsp;<\/p>\n","protected":false},"excerpt":{"rendered":"<p>La Xarxa de Biblioteques Municipals de Badalona (Badabiblios) ha programat per aquest mes de novembre una \u00e0mplia oferta d\u2019activitats infantils a c\u00e0rrec de conta contes i companyies professionals, amb propostes que aposten pel foment de la lectura, l\u2019experimentaci\u00f3 i la transmissi\u00f3 de valors i que aborden q\u00fcestions sensibles i d\u2019actualitat.&nbsp; Entre les programaci\u00f3 destaquen els [&hellip;]<\/p>\n","protected":false},"author":2,"featured_media":4312,"comment_status":"open","ping_status":"open","sticky":false,"template":"","format":"standard","meta":{"footnotes":""},"categories":[23],"tags":[],"class_list":{"0":"post-4311","1":"post","2":"type-post","3":"status-publish","4":"format-standard","5":"has-post-thumbnail","7":"category-actualitat"},"_links":{"self":[{"href":"https:\/\/areabadalona.com\/diario\/wp-json\/wp\/v2\/posts\/4311","targetHints":{"allow":["GET"]}}],"collection":[{"href":"https:\/\/areabadalona.com\/diario\/wp-json\/wp\/v2\/posts"}],"about":[{"href":"https:\/\/areabadalona.com\/diario\/wp-json\/wp\/v2\/types\/post"}],"author":[{"embeddable":true,"href":"https:\/\/areabadalona.com\/diario\/wp-json\/wp\/v2\/users\/2"}],"replies":[{"embeddable":true,"href":"https:\/\/areabadalona.com\/diario\/wp-json\/wp\/v2\/comments?post=4311"}],"version-history":[{"count":1,"href":"https:\/\/areabadalona.com\/diario\/wp-json\/wp\/v2\/posts\/4311\/revisions"}],"predecessor-version":[{"id":4313,"href":"https:\/\/areabadalona.com\/diario\/wp-json\/wp\/v2\/posts\/4311\/revisions\/4313"}],"wp:featuredmedia":[{"embeddable":true,"href":"https:\/\/areabadalona.com\/diario\/wp-json\/wp\/v2\/media\/4312"}],"wp:attachment":[{"href":"https:\/\/areabadalona.com\/diario\/wp-json\/wp\/v2\/media?parent=4311"}],"wp:term":[{"taxonomy":"category","embeddable":true,"href":"https:\/\/areabadalona.com\/diario\/wp-json\/wp\/v2\/categories?post=4311"},{"taxonomy":"post_tag","embeddable":true,"href":"https:\/\/areabadalona.com\/diario\/wp-json\/wp\/v2\/tags?post=4311"}],"curies":[{"name":"wp","href":"https:\/\/api.w.org\/{rel}","templated":true}]}}