{"id":4308,"date":"2022-11-03T11:29:15","date_gmt":"2022-11-03T11:29:15","guid":{"rendered":"https:\/\/areabadalona.com\/diario\/?p=4308"},"modified":"2022-11-03T11:29:15","modified_gmt":"2022-11-03T11:29:15","slug":"david-torrentsproclamat-cap-de-llista-de-junts-a-badalona","status":"publish","type":"post","link":"https:\/\/areabadalona.com\/diario\/2022\/11\/03\/david-torrentsproclamat-cap-de-llista-de-junts-a-badalona\/","title":{"rendered":"David Torrents,proclamat cap de llista de Junts a Badalona"},"content":{"rendered":"\n<p>David Torrents ha estat proclamat cap de llista en obtenir l\u2019aval majoritari dels militants de l\u2019agrupaci\u00f3 local despr\u00e9s que cap altre candidat hagi presentat candidatura per encap\u00e7alar i liderar la llista. En aquest cas, tal i com fixen els estatuts, el candidat queda proclamat autom\u00e0ticament si t\u00e9 el suport majoritari de la milit\u00e0ncia.<\/p>\n\n\n\n<p><strong>David Torrents, cap de llista per segona vegada consecutiva<\/strong><\/p>\n\n\n\n<p>Nascut a Badalona el 1976, Torrents est\u00e0 casat i \u00e9s pare de dos fills. Estudis en Qu\u00edmica i Mosso d&#8217;Esquadra de la 12ena. promoci\u00f3 amb exced\u00e8ncia, destinat durant molts anys a la oficina de relacions amb la Comunitat a Badalona. Durant la legislatura 2007-2011 va ser coordinador de conviv\u00e8ncia a l\u2019Ajuntament de Badalona com a responsable dels plans d\u2019acollida, de conviv\u00e8ncia i del di\u00e0leg interreligi\u00f3s.<\/p>\n\n\n\n<p>Des de 2020, militant de Junts. El maig del 2019 va ser escollit regidor de Junts a l\u2019Ajuntament de Badalona i des del novembre de 2021, n\u2019\u00e9s el tercer Tinent d\u2019Alcalde i regidor de l\u2019\u00c0mbit de Protecci\u00f3 Social a les Persones i Impuls Comercial que compr\u00e8n Serveis Socials, Conviv\u00e8ncia i Mediaci\u00f3, Comer\u00e7 i Consum, Protecci\u00f3 Civil i Solidaritat i Cooperaci\u00f3.<\/p>\n","protected":false},"excerpt":{"rendered":"<p>David Torrents ha estat proclamat cap de llista en obtenir l\u2019aval majoritari dels militants de l\u2019agrupaci\u00f3 local despr\u00e9s que cap altre candidat hagi presentat candidatura per encap\u00e7alar i liderar la llista. En aquest cas, tal i com fixen els estatuts, el candidat queda proclamat autom\u00e0ticament si t\u00e9 el suport majoritari de la milit\u00e0ncia. David Torrents, [&hellip;]<\/p>\n","protected":false},"author":2,"featured_media":4309,"comment_status":"open","ping_status":"open","sticky":false,"template":"","format":"standard","meta":{"footnotes":""},"categories":[23],"tags":[],"class_list":{"0":"post-4308","1":"post","2":"type-post","3":"status-publish","4":"format-standard","5":"has-post-thumbnail","7":"category-actualitat"},"_links":{"self":[{"href":"https:\/\/areabadalona.com\/diario\/wp-json\/wp\/v2\/posts\/4308","targetHints":{"allow":["GET"]}}],"collection":[{"href":"https:\/\/areabadalona.com\/diario\/wp-json\/wp\/v2\/posts"}],"about":[{"href":"https:\/\/areabadalona.com\/diario\/wp-json\/wp\/v2\/types\/post"}],"author":[{"embeddable":true,"href":"https:\/\/areabadalona.com\/diario\/wp-json\/wp\/v2\/users\/2"}],"replies":[{"embeddable":true,"href":"https:\/\/areabadalona.com\/diario\/wp-json\/wp\/v2\/comments?post=4308"}],"version-history":[{"count":1,"href":"https:\/\/areabadalona.com\/diario\/wp-json\/wp\/v2\/posts\/4308\/revisions"}],"predecessor-version":[{"id":4310,"href":"https:\/\/areabadalona.com\/diario\/wp-json\/wp\/v2\/posts\/4308\/revisions\/4310"}],"wp:featuredmedia":[{"embeddable":true,"href":"https:\/\/areabadalona.com\/diario\/wp-json\/wp\/v2\/media\/4309"}],"wp:attachment":[{"href":"https:\/\/areabadalona.com\/diario\/wp-json\/wp\/v2\/media?parent=4308"}],"wp:term":[{"taxonomy":"category","embeddable":true,"href":"https:\/\/areabadalona.com\/diario\/wp-json\/wp\/v2\/categories?post=4308"},{"taxonomy":"post_tag","embeddable":true,"href":"https:\/\/areabadalona.com\/diario\/wp-json\/wp\/v2\/tags?post=4308"}],"curies":[{"name":"wp","href":"https:\/\/api.w.org\/{rel}","templated":true}]}}