{"id":4305,"date":"2022-11-03T11:19:28","date_gmt":"2022-11-03T11:19:28","guid":{"rendered":"https:\/\/areabadalona.com\/diario\/?p=4305"},"modified":"2022-11-03T11:19:28","modified_gmt":"2022-11-03T11:19:28","slug":"promoure-empreses-saludables-es-lobjectiu-dun-conjunt-de-jornades-i-tallers-que-organitza-lajuntament-de-badalona-i-el-bcin","status":"publish","type":"post","link":"https:\/\/areabadalona.com\/diario\/2022\/11\/03\/promoure-empreses-saludables-es-lobjectiu-dun-conjunt-de-jornades-i-tallers-que-organitza-lajuntament-de-badalona-i-el-bcin\/","title":{"rendered":"Promoure \u201cempreses saludables\u201d \u00e9s l\u2019objectiu d\u2019un conjunt de jornades i tallers que organitza l\u2019Ajuntament de Badalona i el BCIN\u00a0"},"content":{"rendered":"\n<p>L\u2019Ajuntament de Badalona i el Badalona Centre Internacional de Negocis (BCIN) han preparat una agenda de jornades i tallers gratu\u00efts dirigits als responsables de les empreses perqu\u00e8 puguin implementar accions que tinguin en compte el benestar f\u00edsic, emocional i mental dels seus treballadors i treballadores.&nbsp;<\/p>\n\n\n\n<p>L\u2019objectiu del Programa Empreses Saludables \u00e9s que les empreses es preocupin pel benestar del seu personal i puguin esdevenir el que s\u2019ha anomenat una \u201cempresa saludable\u201d. Segons s\u2019ha constatat, quan l\u2019empresa es preocupa per aquesta q\u00fcesti\u00f3 els seus treballadors i treballadores aporten molt m\u00e9s perqu\u00e8 s\u2019augmenta la motivaci\u00f3, baixa l\u2019absentisme i es mant\u00e9 el talent, entre altres factors. En definitiva; tenir en compte la salut del personal facilita la continu\u00eftat i la rendibilitat de l\u2019empresa.&nbsp;<\/p>\n\n\n\n<p>Per difondre la import\u00e0ncia de la millora la salut dels treballadors i treballadores entre les empreses del Barcelon\u00e8s Nord i Montgat s\u2019han programat les jornades i tallers gratu\u00efts seg\u00fcents que tindran lloc al Centre de Negocis i de Convencions de Badalona. L\u2019horari habitual de les sessions i tallers ser\u00e0 de 9.30 a 11 hores.&nbsp;<\/p>\n\n\n\n<ul class=\"wp-block-list\">\n<li>29 de novembre. Sessi\u00f3 formativa: <strong>Empresa saludable<\/strong><strong>.<\/strong> Jes\u00fas Mart\u00ednez, CEO de Focus Inside, SL. Informaci\u00f3 i inscripcions a: <a href=\"https:\/\/bcin.cat\/empreses-saludables\">https:\/\/bcin.cat\/empreses-saludables<\/a>&nbsp;<\/li>\n\n\n\n<li>Gener 2023 <strong>Taller de ter\u00e0pia postural i respirat\u00f2ria. La m\u00e0gia d\u2019un cervell ben oxigenat<\/strong>. Maria \u00c0ngels Farreny, <em>coach<\/em> de respiraci\u00f3 i reeducaci\u00f3 postural de l\u2019Escola Europea de Respiraci\u00f3.&nbsp;<\/li>\n\n\n\n<li>Febrer 2023 Sessi\u00f3 formativa: <strong>El cam\u00ed cap a la Igualtat: per on comen\u00e7o?<\/strong> Berta Canals, gerent de Fundaci\u00f3 privada Sorli que treballa per a la igualtat en les empreses.&nbsp;<\/li>\n\n\n\n<li>Mar\u00e7 2023 Sessi\u00f3 motivacional :<strong>Tu pots!.<\/strong> \u00c0lex Roca, atleta i conferenciant, ambaixador de la Fundaci\u00f3 FC Barcelona.&nbsp;<\/li>\n\n\n\n<li>Abril 2023 Sessi\u00f3 formativa: <strong>Alimentaci\u00f3 saludable.<\/strong> Yolanda Pin\u00f3s, assessora nutricional de Come Vida.&nbsp;<\/li>\n\n\n\n<li>Maig 2023 <strong>Taller de Tai-chi \/ Chi-kung<\/strong>. Pere L\u00f3pez, de Salut i Consci\u00e8ncia&nbsp;<\/li>\n\n\n\n<li>Juny 2023 Sessi\u00f3 formativa: <strong>Gesti\u00f3 d\u2019emocions i estr\u00e8s<\/strong>. Dr. Jos\u00e9 Ferrer i Dra. Nuria Mor\u00e1n, de Badalona Serveis Assistencials \u2013 BSA.&nbsp;<\/li>\n\n\n\n<li>Setembre 2023 Sessi\u00f3 formativa: <strong>Com afecten a la salut i a la productivitat, els espais de treball: accions de millora<\/strong>. Rafael Hern\u00e1ndez, co-fundador d&#8217;Indi Arquitectura.&nbsp;<\/li>\n\n\n\n<li>Octubre 2023 <strong>Taller de Mindfulness per a la reducci\u00f3 de l\u2019estr\u00e8s<\/strong>. Elisabet Asensio, professora del programa MBSR \u2013 Mindfulness Center Brown School of Public Health.&nbsp;<\/li>\n\n\n\n<li>Novembre 2023 <strong>Acte de clausura<\/strong> del cicle d\u2019accions per a l\u2019Empresa Saludable amb l\u2019entrega de certificats a les empreses participants.&nbsp;<\/li>\n<\/ul>\n\n\n\n<p>Per la transversalitat del tema i per a una \u00e0mplia difusi\u00f3 del programa entre tots els components de l\u2019empresa, les sessions estan pensades per a l\u2019empresariat, per al personal de prevenci\u00f3 de riscos laborals PRL i per als treballadors i treballadores en general.&nbsp;<\/p>\n\n\n\n<p>L\u2019Ajuntament de Badalona i el BCIN compten amb la col\u00b7laboraci\u00f3 de la Diputaci\u00f3 de Barcelona, els ajuntaments de Sant Adri\u00e0 de Bes\u00f2s i Montgat; la Fundaci\u00f3 privada Sorli; Badalona Serveis Assistencials; FEB-PIMEC; \u00c0lex Roca; Focus Inside SL, Salut i Consci\u00e8ncia; Maria \u00c0ngels Farreny; Yolanda Pin\u00f3s i Elisabet Asensio.&nbsp;<\/p>\n","protected":false},"excerpt":{"rendered":"<p>L\u2019Ajuntament de Badalona i el Badalona Centre Internacional de Negocis (BCIN) han preparat una agenda de jornades i tallers gratu\u00efts dirigits als responsables de les empreses perqu\u00e8 puguin implementar accions que tinguin en compte el benestar f\u00edsic, emocional i mental dels seus treballadors i treballadores.&nbsp; L\u2019objectiu del Programa Empreses Saludables \u00e9s que les empreses es [&hellip;]<\/p>\n","protected":false},"author":2,"featured_media":4306,"comment_status":"open","ping_status":"open","sticky":false,"template":"","format":"standard","meta":{"footnotes":""},"categories":[23,24],"tags":[],"class_list":{"0":"post-4305","1":"post","2":"type-post","3":"status-publish","4":"format-standard","5":"has-post-thumbnail","7":"category-actualitat","8":"category-societat"},"_links":{"self":[{"href":"https:\/\/areabadalona.com\/diario\/wp-json\/wp\/v2\/posts\/4305","targetHints":{"allow":["GET"]}}],"collection":[{"href":"https:\/\/areabadalona.com\/diario\/wp-json\/wp\/v2\/posts"}],"about":[{"href":"https:\/\/areabadalona.com\/diario\/wp-json\/wp\/v2\/types\/post"}],"author":[{"embeddable":true,"href":"https:\/\/areabadalona.com\/diario\/wp-json\/wp\/v2\/users\/2"}],"replies":[{"embeddable":true,"href":"https:\/\/areabadalona.com\/diario\/wp-json\/wp\/v2\/comments?post=4305"}],"version-history":[{"count":1,"href":"https:\/\/areabadalona.com\/diario\/wp-json\/wp\/v2\/posts\/4305\/revisions"}],"predecessor-version":[{"id":4307,"href":"https:\/\/areabadalona.com\/diario\/wp-json\/wp\/v2\/posts\/4305\/revisions\/4307"}],"wp:featuredmedia":[{"embeddable":true,"href":"https:\/\/areabadalona.com\/diario\/wp-json\/wp\/v2\/media\/4306"}],"wp:attachment":[{"href":"https:\/\/areabadalona.com\/diario\/wp-json\/wp\/v2\/media?parent=4305"}],"wp:term":[{"taxonomy":"category","embeddable":true,"href":"https:\/\/areabadalona.com\/diario\/wp-json\/wp\/v2\/categories?post=4305"},{"taxonomy":"post_tag","embeddable":true,"href":"https:\/\/areabadalona.com\/diario\/wp-json\/wp\/v2\/tags?post=4305"}],"curies":[{"name":"wp","href":"https:\/\/api.w.org\/{rel}","templated":true}]}}