{"id":4302,"date":"2022-11-03T10:26:48","date_gmt":"2022-11-03T10:26:48","guid":{"rendered":"https:\/\/areabadalona.com\/diario\/?p=4302"},"modified":"2022-11-03T10:26:48","modified_gmt":"2022-11-03T10:26:48","slug":"el-5e-cicle-de-cinema-i-drets-humans-per-a-instituts-i-centres-de-secundaria-de-badalona-es-posa-en-marxa-aquest-mes-de-novembre","status":"publish","type":"post","link":"https:\/\/areabadalona.com\/diario\/2022\/11\/03\/el-5e-cicle-de-cinema-i-drets-humans-per-a-instituts-i-centres-de-secundaria-de-badalona-es-posa-en-marxa-aquest-mes-de-novembre\/","title":{"rendered":"El 5\u00e8 cicle de Cinema i Drets Humans per a instituts i centres de secund\u00e0ria de Badalona es posa en marxa aquest mes de novembre\u00a0"},"content":{"rendered":"\n<p>La 5a edici\u00f3 del Cicle de Cinema i Drets Humans es dur\u00e0 a terme durant els matins dels dies 3, 9, 15 i 24 de novembre al Teatre El C\u00edrcol. Les quatre pel\u00b7l\u00edcules seleccionades aborden q\u00fcestions vinculades amb els drets humans des de la perspectiva de la lluita feminista; de l&#8217;educaci\u00f3 i la mem\u00f2ria hist\u00f2rica; de les persones en cerca de refugi i de la diversitat funcional de les persones. Totes les projeccions que inclouen en cada sessi\u00f3 una presentaci\u00f3 i un col\u00b7loqui posterior.&nbsp;<\/p>\n\n\n\n<p><strong>Programa&nbsp;<\/strong><\/p>\n\n\n\n<p><strong>El orden divino<\/strong> (3r i 4t d&#8217;ESO) 90&#8242;&nbsp;<\/p>\n\n\n\n<p>Dijous 3 de novembre, 10 a 12 h, Teatre El C\u00edrcol&nbsp;<\/p>\n\n\n\n<p><strong>Refugi en curt<\/strong> (7 curts) (1r a 4t d&#8217;ESO) 60&#8242;&nbsp;<\/p>\n\n\n\n<p>Dimecres 9 de novembre, 10 a 12 h, escola Lestonnac&nbsp;<\/p>\n\n\n\n<p><strong>La professora d&#8217;hist\u00f2ria<\/strong> (1r a 4t d&#8217;ESO) 100&#8242;&nbsp;<\/p>\n\n\n\n<p>Dimarts 15 de novembre, 10 a 12 h, Teatre El C\u00edrcol&nbsp;<\/p>\n\n\n\n<p><strong>Campeones<\/strong> (1r i 2n d&#8217;ESO) 124&#8242;&nbsp;<\/p>\n\n\n\n<p>Dijous 24 de novembre, 10 a 12.30 h, (inclou presentaci\u00f3 i col\u00b7loqui), Teatre El C\u00edrcol&nbsp;<\/p>\n\n\n\n<p>En el 5\u00e8 cicle de Cinema i Drets Humans hi participen els deu instituts i centres de secund\u00e0ria seg\u00fcents: Aula de Suport &#8211; UEC, Badalon\u00e8s, Baldomer Sol\u00e0, Bet\u00falia; Isaac Alb\u00e9niz, La Riera; Lestonnac; Maregassa; Rafael Alberti i Ventura Gassol.&nbsp;<\/p>\n\n\n\n<p>El Cicle de Cinema i Drets Humans est\u00e0 organitzat pel Servei d&#8217;Educaci\u00f3 de l&#8217;Ajuntament de Badalona amb la col\u00b7laboraci\u00f3, en algunes projeccions, del Servei de Feminismes de l&#8217;Ajuntament de Badalona, de Mitjans-Sodepau-Edualter, de la Diputaci\u00f3 de Barcelona i d&#8217;ASPANIN.&nbsp;<\/p>\n","protected":false},"excerpt":{"rendered":"<p>La 5a edici\u00f3 del Cicle de Cinema i Drets Humans es dur\u00e0 a terme durant els matins dels dies 3, 9, 15 i 24 de novembre al Teatre El C\u00edrcol. Les quatre pel\u00b7l\u00edcules seleccionades aborden q\u00fcestions vinculades amb els drets humans des de la perspectiva de la lluita feminista; de l&#8217;educaci\u00f3 i la mem\u00f2ria hist\u00f2rica; [&hellip;]<\/p>\n","protected":false},"author":2,"featured_media":4303,"comment_status":"open","ping_status":"open","sticky":false,"template":"","format":"standard","meta":{"footnotes":""},"categories":[23,25],"tags":[],"class_list":{"0":"post-4302","1":"post","2":"type-post","3":"status-publish","4":"format-standard","5":"has-post-thumbnail","7":"category-actualitat","8":"category-cultura"},"_links":{"self":[{"href":"https:\/\/areabadalona.com\/diario\/wp-json\/wp\/v2\/posts\/4302","targetHints":{"allow":["GET"]}}],"collection":[{"href":"https:\/\/areabadalona.com\/diario\/wp-json\/wp\/v2\/posts"}],"about":[{"href":"https:\/\/areabadalona.com\/diario\/wp-json\/wp\/v2\/types\/post"}],"author":[{"embeddable":true,"href":"https:\/\/areabadalona.com\/diario\/wp-json\/wp\/v2\/users\/2"}],"replies":[{"embeddable":true,"href":"https:\/\/areabadalona.com\/diario\/wp-json\/wp\/v2\/comments?post=4302"}],"version-history":[{"count":1,"href":"https:\/\/areabadalona.com\/diario\/wp-json\/wp\/v2\/posts\/4302\/revisions"}],"predecessor-version":[{"id":4304,"href":"https:\/\/areabadalona.com\/diario\/wp-json\/wp\/v2\/posts\/4302\/revisions\/4304"}],"wp:featuredmedia":[{"embeddable":true,"href":"https:\/\/areabadalona.com\/diario\/wp-json\/wp\/v2\/media\/4303"}],"wp:attachment":[{"href":"https:\/\/areabadalona.com\/diario\/wp-json\/wp\/v2\/media?parent=4302"}],"wp:term":[{"taxonomy":"category","embeddable":true,"href":"https:\/\/areabadalona.com\/diario\/wp-json\/wp\/v2\/categories?post=4302"},{"taxonomy":"post_tag","embeddable":true,"href":"https:\/\/areabadalona.com\/diario\/wp-json\/wp\/v2\/tags?post=4302"}],"curies":[{"name":"wp","href":"https:\/\/api.w.org\/{rel}","templated":true}]}}