{"id":4254,"date":"2022-10-25T08:23:02","date_gmt":"2022-10-25T08:23:02","guid":{"rendered":"https:\/\/areabadalona.com\/diario\/?p=4254"},"modified":"2022-10-25T08:23:03","modified_gmt":"2022-10-25T08:23:03","slug":"lluis-marco-rep-la-venus-dhonor-de-la-48a-edicio-de-filmets-badalona-film-festival","status":"publish","type":"post","link":"https:\/\/areabadalona.com\/diario\/2022\/10\/25\/lluis-marco-rep-la-venus-dhonor-de-la-48a-edicio-de-filmets-badalona-film-festival\/","title":{"rendered":"Llu\u00eds  Marco rep la Venus d&#8217;Honor de la 48a edici\u00f3 de FILMETS Badalona Film Festival"},"content":{"rendered":"\n<p>L&#8217;actor Llu\u00eds Marco ha rebut aquest dilluns&nbsp; la Venus d&#8217;Honor de la 48a edici\u00f3 de FILMETS Badalona Film Festival. Aquest guard\u00f3 se li ha atorgat en reconeixement a la seva extens\u00edssima carrera cinematogr\u00e0fica, aix\u00ed com per la seva faceta de director de doblatge de cinema i pel\u00b7l\u00edcules de televisi\u00f3. D&#8217;altra banda, Llu\u00eds Marco sempre ha donat suport al cinema en format curtmetratge.<\/p>\n\n\n\n<p>En rebre el guard\u00f3 de mans del conseller delegat de Badalona Comunicaci\u00f3, Josep Vi\u00f1eta Balsells, Llu\u00eds Marco s\u2019ha mostrat agra\u00eft de \u201crebre aquest guard\u00f3 a la meva ciutat i en aquest Teatre Zorrilla, on jo he actuat tantes vegades\u201d.<\/p>\n\n\n\n<p>Llu\u00eds Marco ha explicat que \u201csense vocaci\u00f3 \u00e9s impossible fer aquesta feina, \u00e9s impossible fer d\u2019actor, i jo ara l\u2019\u00fanica cosa que mantinc \u00e9s la vocaci\u00f3\u201d. Adre\u00e7ant-se als estudiants de les escoles de cinema de Catalunya que omplien el Teatre Zorrilla els ha dit: \u201cEn aquesta feina no defallir \u00e9s b\u00e0sic. No defallir mai per molt que t\u2019equivoquis\u201d.<\/p>\n\n\n\n<p><strong>Col\u00b7loqui amb els estudiants de cinema<\/strong><\/p>\n\n\n\n<p>Despr\u00e9s de rebre de la Venus d&#8217;Honor, Llu\u00eds Marco ha mantingut un col\u00b7loqui&nbsp; amb els estudiants d&#8217;escoles audiovisuals (Escac, Emav&#8230;) que eren al Teatre Zorrilla per presenciar la sessi\u00f3 FILMETS Campus, on es presentaven curts fets per ells mateixos.<\/p>\n\n\n\n<p><strong>Un actor i director de doblatge imprescindible<\/strong><\/p>\n\n\n\n<p>Llu\u00eds Marco Fern\u00e1ndez \u00e9s badalon\u00ed. Va n\u00e9ixer en aquesta ciutat el 2 de juny de 1949. \u00c9s un dels actors m\u00e9s reconeguts de la seva generaci\u00f3. \u00c9s pare de la tamb\u00e9 actriu Marta Marco i del jugador de b\u00e0squet Carles Marco.<\/p>\n\n\n\n<p>La seva ha estat una pres\u00e8ncia habitual, gaireb\u00e9 imprescindible de l&#8217;escena cinematogr\u00e0fica a Catalunya i a l&#8217;Estat espanyol. Actor en s\u00e8ries com &#8216;Ventdelpl\u00e0&#8217; o &#8216;Hospital Central&#8217;, entre d&#8217;altres, l&#8217;han fet popular arreu.<\/p>\n\n\n\n<p>A banda de cinema tamb\u00e9 \u00e9s home de teatre. Molt lligat al Teatre Lliure amb obres com &#8216;Romeo i Julieta&#8217;, &#8216;Soldados de Salamina, &#8216;Nixon-Frost&#8217; o &#8216;Quitt&#8217;.<\/p>\n\n\n\n<p>Actor i director de doblatge ha posat veu en catal\u00e0 i en castell\u00e0 a actors de la talla de Brendan Gleeson, Ben Kingsley, Harvey Keitel, Colm Meanye, Pete Postletheaite, Geoffrey Rush, Kevin McNally, Michael Rooker o Danny De Vito. Va ser la veu de Bruno Ganz en el seu paper de Hitler a la pel\u00b7l\u00edcula &#8216;El Hundimiento&#8217;.<\/p>\n\n\n\n<div><a href=\"https:\/\/areabadalona.com\/diario\/wp-content\/uploads\/2022\/10\/lluismarco02-1024x683.jpg\" class=\"td-modal-image\"><figure class=\"wp-block-image size-large\"><img loading=\"lazy\" decoding=\"async\" width=\"1024\" height=\"683\" src=\"https:\/\/areabadalona.com\/diario\/wp-content\/uploads\/2022\/10\/lluismarco02-1024x683.jpg\" alt=\"\" class=\"wp-image-4255\" srcset=\"https:\/\/areabadalona.com\/diario\/wp-content\/uploads\/2022\/10\/lluismarco02-1024x683.jpg 1024w, https:\/\/areabadalona.com\/diario\/wp-content\/uploads\/2022\/10\/lluismarco02-300x200.jpg 300w, https:\/\/areabadalona.com\/diario\/wp-content\/uploads\/2022\/10\/lluismarco02-768x512.jpg 768w, https:\/\/areabadalona.com\/diario\/wp-content\/uploads\/2022\/10\/lluismarco02-150x100.jpg 150w, https:\/\/areabadalona.com\/diario\/wp-content\/uploads\/2022\/10\/lluismarco02-696x464.jpg 696w, https:\/\/areabadalona.com\/diario\/wp-content\/uploads\/2022\/10\/lluismarco02-1068x712.jpg 1068w, https:\/\/areabadalona.com\/diario\/wp-content\/uploads\/2022\/10\/lluismarco02.jpg 1200w\" sizes=\"auto, (max-width: 1024px) 100vw, 1024px\" \/><\/figure><\/a><\/div>\n\n\n\n<p><strong>Una llarga carrera de t\u00edtols cinematogr\u00e0fics<\/strong><\/p>\n\n\n\n<p>Aquestes s\u00f3n algunes de les pel\u00b7l\u00edcules on ha participat:<\/p>\n\n\n\n<ul class=\"wp-block-list\"><li>&#8216;El cazador furtivo,&#8217; de Carlos Benpar. 1992<\/li><li>&#8216;Mal de amores&#8217;, de Carles Balagu\u00e9. 1993<\/li><li>&#8216;Transe\u00fantes&#8217;, de Llu\u00eds Aller. 1994<\/li><li>&#8216;Gimlet&#8217;, de Jos\u00e9 Luis Acosta. 1995<\/li><li>&#8216;A tiro limpio&#8217;, de Jes\u00fas Mora. 1996<\/li><li>&#8216;No e puedetener todo&#8217;, de Jes\u00fas Garay. 1997<\/li><li>&#8216;Gr\u00e0cies per la propina&#8217;, de Francesc Bellmunt. 1997<\/li><li>&#8216;Nosotras&#8217;, de Judit Collell. 2000<\/li><li>&#8216;Ilegal&#8217;, d&#8217;Ignacio Vilar. 2001<\/li><li>&#8216;Mi casa es tu casa&#8217;, de Miguel \u00c1lvarez. 2002<\/li><li>&#8216;La vida empieza hoy&#8217;, de Laura Ma\u00f1\u00e1. 2010<\/li><li>&#8217;23-F: la pel\u00edcula&#8217;, de Chema de la Pe\u00f1a. 2011<\/li><li>&#8216;La voz dormida&#8217;, de Benito Zambrano. 2011<\/li><li>&#8216;Alicia en el pa\u00eds de Ali&#8217;, de Paco R. Ba\u00f1os. 2012<\/li><li>&#8216;Alpha&#8217;, de Joan Cutrina. 2012<\/li><li>&#8216;Asmod\u00e0xia&#8217;, de Marc Carret\u00e9. 2014<\/li><li>&#8216;Difuminado&#8217;, de pere Koniec. 2014<\/li><li>&#8216;Hasta ma\u00f1ana&#8217;, de Daniel Torres Santeugini. 2017<\/li><\/ul>\n\n\n\n<p>L&#8217;any 2008 va rebre el Premi de la Cr\u00edtica Teatral de Barcelona en la seva XIV edici\u00f3 pel seu paper a &#8216;Soldados de Salamina&#8217;.<\/p>\n","protected":false},"excerpt":{"rendered":"<p>L&#8217;actor Llu\u00eds Marco ha rebut aquest dilluns&nbsp; la Venus d&#8217;Honor de la 48a edici\u00f3 de FILMETS Badalona Film Festival. Aquest guard\u00f3 se li ha atorgat en reconeixement a la seva extens\u00edssima carrera cinematogr\u00e0fica, aix\u00ed com per la seva faceta de director de doblatge de cinema i pel\u00b7l\u00edcules de televisi\u00f3. D&#8217;altra banda, Llu\u00eds Marco sempre ha [&hellip;]<\/p>\n","protected":false},"author":2,"featured_media":4256,"comment_status":"open","ping_status":"open","sticky":false,"template":"","format":"standard","meta":{"footnotes":""},"categories":[23,25],"tags":[],"class_list":{"0":"post-4254","1":"post","2":"type-post","3":"status-publish","4":"format-standard","5":"has-post-thumbnail","7":"category-actualitat","8":"category-cultura"},"_links":{"self":[{"href":"https:\/\/areabadalona.com\/diario\/wp-json\/wp\/v2\/posts\/4254","targetHints":{"allow":["GET"]}}],"collection":[{"href":"https:\/\/areabadalona.com\/diario\/wp-json\/wp\/v2\/posts"}],"about":[{"href":"https:\/\/areabadalona.com\/diario\/wp-json\/wp\/v2\/types\/post"}],"author":[{"embeddable":true,"href":"https:\/\/areabadalona.com\/diario\/wp-json\/wp\/v2\/users\/2"}],"replies":[{"embeddable":true,"href":"https:\/\/areabadalona.com\/diario\/wp-json\/wp\/v2\/comments?post=4254"}],"version-history":[{"count":1,"href":"https:\/\/areabadalona.com\/diario\/wp-json\/wp\/v2\/posts\/4254\/revisions"}],"predecessor-version":[{"id":4257,"href":"https:\/\/areabadalona.com\/diario\/wp-json\/wp\/v2\/posts\/4254\/revisions\/4257"}],"wp:featuredmedia":[{"embeddable":true,"href":"https:\/\/areabadalona.com\/diario\/wp-json\/wp\/v2\/media\/4256"}],"wp:attachment":[{"href":"https:\/\/areabadalona.com\/diario\/wp-json\/wp\/v2\/media?parent=4254"}],"wp:term":[{"taxonomy":"category","embeddable":true,"href":"https:\/\/areabadalona.com\/diario\/wp-json\/wp\/v2\/categories?post=4254"},{"taxonomy":"post_tag","embeddable":true,"href":"https:\/\/areabadalona.com\/diario\/wp-json\/wp\/v2\/tags?post=4254"}],"curies":[{"name":"wp","href":"https:\/\/api.w.org\/{rel}","templated":true}]}}