{"id":4246,"date":"2022-10-23T08:32:00","date_gmt":"2022-10-23T08:32:00","guid":{"rendered":"https:\/\/areabadalona.com\/diario\/?p=4246"},"modified":"2022-10-24T08:36:20","modified_gmt":"2022-10-24T08:36:20","slug":"filmets-ha-estat-aquest-diumenge-la-porta-dentrada-a-a-catalunya-els-prestigiosos-premis-de-cinema-britanics-bafta-2022","status":"publish","type":"post","link":"https:\/\/areabadalona.com\/diario\/2022\/10\/23\/filmets-ha-estat-aquest-diumenge-la-porta-dentrada-a-a-catalunya-els-prestigiosos-premis-de-cinema-britanics-bafta-2022\/","title":{"rendered":"FILMETS  ha estat aquest diumenge la porta d\u2019entrada a a Catalunya els prestigiosos  premis de cinema brit\u00e0nics BAFTA 2022"},"content":{"rendered":"\n<p>FILMETS Badalona Film Festival ha estat un any m\u00e9s la porta d&#8217;entrada a Catalunya dels premis BAFTA Shorts 2022, els prestigiosos guardons de l&#8217;Acad\u00e8mia Brit\u00e0nica de les Artes Cinematogr\u00e0fiques i de la Televisi\u00f3, que es van donar a con\u00e8ixer el&nbsp; passat 13 de mar\u00e7 en una cerim\u00f2nia virtual feta al Royal Albert Hall de Londres.<\/p>\n\n\n\n<p>Gr\u00e0cies a la col\u00b7laboraci\u00f3 establerta amb el British Council, l&#8217;organitzaci\u00f3 del Regne Unit per a les relacions culturals i les oportunitats creatives, aquest diumenge 23 s\u2019han projectat es projectaran&nbsp; a FILMETS i per primera vegada a Catalunya els 8 curtmetratges presentats als premis BAFTA.<\/p>\n\n\n\n<p>A la presentaci\u00f3 de la sessi\u00f3 BAFTA hi ha intervingut Louise Hankey, directora acad\u00e8mica del British Council. Louise Hankey ha destacat que \u201cavui FILMETS oferir\u00e0 una selecci\u00f3 dels millors curtmetratges que s\u2019han fet darrerament al Regne Unit, un pa\u00eds amb una llarga tradici\u00f3 en aquest g\u00e8nere cinematogr\u00e0fic\u201d.<\/p>\n\n\n\n<p>Entre el curts que s\u2019han pogut veure al Teatre Zorrilla hi ha les dues cintes premiades a les categories de ficci\u00f3 i animaci\u00f3:<\/p>\n\n\n\n<ul class=\"wp-block-list\"><li><strong>&#8216;The black cop&#8217;, premi BAFTA al millor curtmetratge brit\u00e0nic 2022 de ficci\u00f3<\/strong><\/li><li><strong>&#8216;Do not feed the pigeons&#8217;, premi BAFTA al millor curtmetratge brit\u00e0nic 2022 d&#8217;animaci\u00f3<\/strong><br><br>Aquest ha estat el quart any consecutiu que el British Council i FILMETS col\u00b7laboren estretament en aquesta iniciativa.<br><br>En l&#8217;edici\u00f3 d&#8217;enguany s\u2019han vist 4 curts de ficci\u00f3, 3 d&#8217;animaci\u00f3 i un documental. Aquestes s\u00f3n les 8 pel\u00b7l\u00edcules que han configurat la sessi\u00f3 BAFTA, premis de l&#8217;Acad\u00e8mia Brit\u00e0nica:<\/li><\/ul>\n\n\n\n<div><a href=\"https:\/\/areabadalona.com\/diario\/wp-content\/uploads\/2022\/10\/05-THE-BLACK-COP-1024x594.jpg\" class=\"td-modal-image\"><figure class=\"wp-block-image size-large\"><img loading=\"lazy\" decoding=\"async\" width=\"1024\" height=\"594\" src=\"https:\/\/areabadalona.com\/diario\/wp-content\/uploads\/2022\/10\/05-THE-BLACK-COP-1024x594.jpg\" alt=\"\" class=\"wp-image-4247\" srcset=\"https:\/\/areabadalona.com\/diario\/wp-content\/uploads\/2022\/10\/05-THE-BLACK-COP-1024x594.jpg 1024w, https:\/\/areabadalona.com\/diario\/wp-content\/uploads\/2022\/10\/05-THE-BLACK-COP-300x174.jpg 300w, https:\/\/areabadalona.com\/diario\/wp-content\/uploads\/2022\/10\/05-THE-BLACK-COP-768x445.jpg 768w, https:\/\/areabadalona.com\/diario\/wp-content\/uploads\/2022\/10\/05-THE-BLACK-COP-150x87.jpg 150w, https:\/\/areabadalona.com\/diario\/wp-content\/uploads\/2022\/10\/05-THE-BLACK-COP-696x404.jpg 696w, https:\/\/areabadalona.com\/diario\/wp-content\/uploads\/2022\/10\/05-THE-BLACK-COP-1068x619.jpg 1068w, https:\/\/areabadalona.com\/diario\/wp-content\/uploads\/2022\/10\/05-THE-BLACK-COP.jpg 1200w\" sizes=\"auto, (max-width: 1024px) 100vw, 1024px\" \/><\/figure><\/a><\/div>\n\n\n\n<ul class=\"wp-block-list\"><li><strong>&#8216;The black cop&#8217;, premi BAFTA al millor curtmetratge brit\u00e0nic 2022 de ficci\u00f3:<\/strong> es tracta d&#8217;una producci\u00f3 del Regne Unit de 2021, de 24 minuts de durada. El director del curt \u00e9s Cherish Oteka.<br><br>Argument: Es tracta d&#8217;un docudrama que explora l&#8217;experi\u00e8ncia d&#8217;un ex policia com a v\u00edctima i a la vegada responsable de racisme a les forces de l&#8217;ordre. En un moment en el que es parla molt dels prejudicis racials dintre de la policia, aquest documental \u00e9s oport\u00fa perqu\u00e8 transporta al p\u00fablic al m\u00f3n generalment tancat de la policia, i explicat des d&#8217;una perspectiva desconeguda.<br><br>Comentaris: Cheris Oteka t\u00e9 com a objectiu utilitzar el cinema com a plataforma per a que comunitats sovint marginades puguin explicar les seves hist\u00f2ries des de la seva pr\u00f2pia perspectiva. Ha treballat amb una gran varietat d&#8217;organitzacions i emissores, entre elles Tate, Stonewall i la BBC.<br><strong>\u00a0<\/strong><\/li><li><strong>&#8216;Do not feed the pigeons&#8217;, premi BAFTA al millor curtmetratge brit\u00e0nic 2022 d&#8217;animaci\u00f3:<\/strong> es tracta d&#8217;una producci\u00f3 del Regne Unit de 2021, de 9 minuts de durada. El director del curt \u00e9s Antonin Niclass.<br><br>Argument: Un grup de viatgers cansants i solitaris esperen l&#8217;\u00faltim autocar. D&#8217;alguna manera, en aquest lloc fred i depriment, i ni que sigui per un instant bonic, els coloms que hi ha all\u00e0 aconsegueixen crear una connexi\u00f3 m\u00e0gica entre tots plegats.<br><br>Comentaris: Antonin Niclass \u00e9s un director d&#8217;animaci\u00f3 de doble nacionalitat su\u00efssa i francesa que viu a Lausana i a Londres. Va comen\u00e7ar com assistent de c\u00e0mara a Su\u00efssa, despr\u00e9s va marxar a B\u00e8lgica per estudiar cinema i va seguir la seva passi\u00f3 per l&#8217;animaci\u00f3 en ingressar a l&#8217;Escola Nacional de Cine i Televisi\u00f3 del Regne Unit. &#8216;Do not feed the pigeons&#8217; \u00e9s la seva pel\u00b7l\u00edcula de graduaci\u00f3.<br><br><strong>\u00a0<\/strong><\/li><li><strong>&#8216;Femme&#8217;:<\/strong> es tracta d&#8217;una producci\u00f3 de ficci\u00f3 del Regne Unit de 2021, de 18 minuts de durada. Els directors del curt s\u00f3n Sam H. Freeman i NG Choon Ping.<br><br>Argument: Jordan \u00e9s un home gay que fa serveir l&#8217;etiqueta &#8216;Femme&#8217; amb orgull. Per\u00f2 cada vegada que surt de casa amb els llavis pintats recorda la severa advert\u00e8ncia del seu pare: el m\u00f3n sempre ser\u00e0 un lloc perill\u00f3s per a un noi com ell. Despr\u00e9s de patir un desengany amor\u00f3s en un club nocturn, Jordan coneix al carrer a Wes, un traficant de drogues. Deixant de banda la precauci\u00f3, Jordan puja al cotxe de Wes i la nit fa un gir perill\u00f3s.<br><br>Comentaris: Dirigida i escrita en t\u00e0dum per Ng Choon Ping i Sam H. Freeman, els dos directorsconstrueixen i mantenen h\u00e0bilment la tensi\u00f3 en aquesta poderosa pel\u00b7l\u00edcula que mant\u00e9 a l&#8217;espectador enganxat a la pantalla del principi fins al final. &#8216;Femme&#8217; es va estrenar al festival SXSW, de Texas i ha guanyat el Premi de Cinema Independent Brit\u00e0nic al Millor Curtmetratge<br><br><strong>\u00a0<\/strong><\/li><li><strong>&#8216;Affairs of the art&#8217;:<\/strong> es tracta d&#8217;una coproducci\u00f3 d&#8217;animaci\u00f3 del Regne Unit i Canad\u00e0 de 2021, de 16 minuts de durada. La directora \u00e9s Joanna Quinn.<br><br><br>Argument: Beryl, una treballadora d&#8217;una f\u00e0brica de 59 anys, est\u00e0 totalment obsessionada amb el dibuix. Menys el seu marit Ifor, que \u00e9s el model i musa de Beryl, tota la fam\u00edlia \u00e9s adicta a alguna cosa: el seu fill Colin \u00e9s un &#8216;friki&#8217; de la tecnologia i la seva germana Beverly \u00e9s una taxidermista extraordin\u00e0riament narcisista. Sembla ser que l&#8217;obsessi\u00f3 \u00e9s una caracter\u00edstica que \u00e9s a l&#8217;ADN de la fam\u00edlia.<br><br><br>Comentaris: Entre altres premis, &#8216;Affairs of the art&#8217; ha rebut el de Millor Animaci\u00f3 al Festival de Curtmetratges de Clermont Ferrand i una Distinci\u00f3 Especial a l&#8217;Animaci\u00f3 del Festival Internacional de Cinema d&#8217;Animaci\u00f3 d&#8217;Annecy. Tamb\u00e9 ha rebut una nominaci\u00f3 a un Oscar a la categoria de Millor Curtmetratge d&#8217;Animaci\u00f3.<br><br><strong>\u00a0<\/strong><\/li><li><strong>&#8216;The palace&#8217;:<\/strong> es tracta d&#8217;una producci\u00f3 documental del Regne Unit de 2021 i de 20 minuts de durada. La directora \u00e9s Jo Prichard.<br><br>Argument: Tots els dies, al pis de dalt d&#8217;un ic\u00f2nic centre comercial dels anys 60, centenars de clients habituals ocupen els seus llocs de sempre al London Palace Bingo Club. Alguns hi van atrets pels sopars barats i el te i caf\u00e8 gratis, per\u00f2 molts es queden per relaxar-se, socialitzar, jugar al bingo o domin\u00f3, xafardejar i passar-s&#8217;ho b\u00e9 tots pleegats. A mida que la remodelaci\u00f3 milion\u00e0ria d&#8217;aquesta zona de Londres avan\u00e7a, el club es converteix en l&#8217;\u00faltim reducte de l&#8217;antic barri, objecte d&#8217;una gran transformaci\u00f3.<br><br>Comentaris: Jo Prichard ha produ\u00eft documentals per a Netflix, Sky, Discoveri, la BBC i Channel 4. &#8216;The palace&#8217; \u00e9s la seva primera pel\u00b7l\u00edcula com a directora.<br><br><strong>\u00a0<\/strong><\/li><li><strong>&#8216;Night of the living dread&#8217;:<\/strong> es tracta d&#8217;una producci\u00f3 d&#8217;animaci\u00f3 del Regne Unit de 2021 i d&#8217;11 minuts de durada. La directora \u00e9s Ida Melum.<br><br><br>Argument: Quan un tall de llum arru\u00efna la rutina de Ruby a l&#8217;hora d&#8217;anar a dormir, ella es veu assetjada per alguns visitants no desitjats. L&#8217;\u00fanica manera que Ruby tingui una nit de son reparador \u00e9s enfrontar-se als seus visitants.<br><br>Comentaris: Ida Melum \u00e9s una directora d&#8217;animaci\u00f3 noruega establerta al Regne Unit i Su\u00e8cia. Es va formar com actriu i despr\u00e9s va estudiar animaci\u00f3 a la Universitat de Middlesex (Londres). &#8216;Night of the living dread&#8217; es la seva pel\u00b7l\u00edcula de graduaci\u00f3 de l&#8217;Escola Nacional de Cinema i Televisi\u00f3.<br><br><br><\/li><\/ul>\n\n\n\n<ol class=\"wp-block-list\"><li><strong>&#8216;Three meetings of the extraordinary committee&#8217;:<\/strong> es tracta d&#8217;una producci\u00f3 de ficci\u00f3 del Regne Unit de 2021 i de 18 minuts de durada. Els seus directors s\u00f3n Max Barron i Michael Woodward, que es presenten conjuntament amb el sobrenom de JONES.<br><br>Argument: Quan els ciutadans del petit poble agr\u00edcola de Dobre voten per adquirir una criatura m\u00edtica, la democr\u00e0cia s&#8217;enfronta cara a cara amb la realitat. Una gran s\u00e0tira sobre la burocr\u00e0cia i les creences, &#8216;Three meetings of the extraordinary committee&#8217; \u00e9s una hist\u00f2ria sobre el poder de la fe i el desig d&#8217;una vida millor.<br><br>Comentaris: Michael Woodward i&nbsp; Max Barron, afincats a Londres i Ciutat de M\u00e8xic respectivament, treballen junt amb el sobre de JONES. Han fet treballs comercials per a marques com Samsung, Hyundau, Ikea, Mercedes i Uber. Entre d&#8217;altres, han rebut el premi CICAE Art Cinema i han estat nominats per al premi al millor director jove europeu de Canes o al premi Michael Powell del Festival Internacional de Cinema d&#8217;Edimburg. Els seus videos musicals han estat vistos m\u00e9s de 50 milions de vegades &#8216;online&#8217;.<br><\/li><\/ol>\n\n\n\n<ul class=\"wp-block-list\"><li><strong>&#8216;Stuffed&#8217;:<\/strong> es tracta d&#8217;una producci\u00f3 de ficci\u00f3 del Regne Unit de 2021 i de 19 minuts de durada. El director \u00e9s Theo Rhys.<br><br><br>Argument: &#8216;Stuffed&#8217; \u00e9s un musical sobre una taxidermista que somia amb dissecar a un hum\u00e0, i l&#8217;home que coneix &#8216;on line&#8217; est\u00e0 tan espantat d&#8217;envellir que s&#8217;ofereix com a voluntari pel seu experiment. Una inesperada espurna rom\u00e0ntica entre ells complica els seus plans<br><br>Comentaris: Entre els treballs del cineasta Jo Prich, afincat a Londres, hi ha anuncis per a la Shell, Mercedes i Rover Island, aix\u00ed com la s\u00e8rie &#8216;Motherf**king pep talk&#8217; per a Comedy Central. &#8216;Stuffed&#8217; va rebre el Premi del P\u00fablic i un reconeixement del jurat en la seva estrena als festival SXSW.<\/li><\/ul>\n","protected":false},"excerpt":{"rendered":"<p>FILMETS Badalona Film Festival ha estat un any m\u00e9s la porta d&#8217;entrada a Catalunya dels premis BAFTA Shorts 2022, els prestigiosos guardons de l&#8217;Acad\u00e8mia Brit\u00e0nica de les Artes Cinematogr\u00e0fiques i de la Televisi\u00f3, que es van donar a con\u00e8ixer el&nbsp; passat 13 de mar\u00e7 en una cerim\u00f2nia virtual feta al Royal Albert Hall de Londres. [&hellip;]<\/p>\n","protected":false},"author":2,"featured_media":4249,"comment_status":"open","ping_status":"open","sticky":false,"template":"","format":"standard","meta":{"footnotes":""},"categories":[23,25],"tags":[],"class_list":{"0":"post-4246","1":"post","2":"type-post","3":"status-publish","4":"format-standard","5":"has-post-thumbnail","7":"category-actualitat","8":"category-cultura"},"_links":{"self":[{"href":"https:\/\/areabadalona.com\/diario\/wp-json\/wp\/v2\/posts\/4246","targetHints":{"allow":["GET"]}}],"collection":[{"href":"https:\/\/areabadalona.com\/diario\/wp-json\/wp\/v2\/posts"}],"about":[{"href":"https:\/\/areabadalona.com\/diario\/wp-json\/wp\/v2\/types\/post"}],"author":[{"embeddable":true,"href":"https:\/\/areabadalona.com\/diario\/wp-json\/wp\/v2\/users\/2"}],"replies":[{"embeddable":true,"href":"https:\/\/areabadalona.com\/diario\/wp-json\/wp\/v2\/comments?post=4246"}],"version-history":[{"count":1,"href":"https:\/\/areabadalona.com\/diario\/wp-json\/wp\/v2\/posts\/4246\/revisions"}],"predecessor-version":[{"id":4250,"href":"https:\/\/areabadalona.com\/diario\/wp-json\/wp\/v2\/posts\/4246\/revisions\/4250"}],"wp:featuredmedia":[{"embeddable":true,"href":"https:\/\/areabadalona.com\/diario\/wp-json\/wp\/v2\/media\/4249"}],"wp:attachment":[{"href":"https:\/\/areabadalona.com\/diario\/wp-json\/wp\/v2\/media?parent=4246"}],"wp:term":[{"taxonomy":"category","embeddable":true,"href":"https:\/\/areabadalona.com\/diario\/wp-json\/wp\/v2\/categories?post=4246"},{"taxonomy":"post_tag","embeddable":true,"href":"https:\/\/areabadalona.com\/diario\/wp-json\/wp\/v2\/tags?post=4246"}],"curies":[{"name":"wp","href":"https:\/\/api.w.org\/{rel}","templated":true}]}}