{"id":4243,"date":"2022-10-22T08:30:00","date_gmt":"2022-10-22T08:30:00","guid":{"rendered":"https:\/\/areabadalona.com\/diario\/?p=4243"},"modified":"2022-10-24T08:32:10","modified_gmt":"2022-10-24T08:32:10","slug":"inaugurada-al-teatre-zorrilla-de-badalona-la-48a-edicio-de-filmets-badalona-film-festival","status":"publish","type":"post","link":"https:\/\/areabadalona.com\/diario\/2022\/10\/22\/inaugurada-al-teatre-zorrilla-de-badalona-la-48a-edicio-de-filmets-badalona-film-festival\/","title":{"rendered":"Inaugurada al Teatre Zorrilla de Badalona la 48a edici\u00f3 de FILMETS Badalona Film Festival"},"content":{"rendered":"\n<p>La 48a edici\u00f3 de FILMETS Badalona Film Festival ja s\u2019ha estrenat amb una Sessi\u00f3 Inaugural que ha omplert el Teatre Zorrilla a vessar, un fet que s\u2019ha de posar en valor despr\u00e9s de dues edicions amb restriccions d\u2019aforament a causa de la pand\u00e8mia. Diversos artistes i membres d\u2019equips t\u00e8cnics dels curts que s\u2019han pogut veure en aquesta primera sessi\u00f3 en competici\u00f3 han estat a dalt de l\u2019escenari del teatre presentant el seu curtmetratge.<\/p>\n\n\n\n<p>FILMETS s\u2019ha estrenat amb una pel\u00b7l\u00edcula d\u2019excepci\u00f3. El curt que va guanyar la Palma d\u2019Or al Millor Curtmetratge al passat Festival de Canes, \u2018The water murmurs\u2019, ha obert la 48a edici\u00f3 de FILMETS, un festival que s\u2019allargar\u00e0 fins al&nbsp; 30 d\u2019octubre. A m\u00e9s, aquesta pel\u00b7l\u00edcula s\u2019ha presentat a FILMETS en qualitat de &#8216;premi\u00e8re&#8217; a Catalunya. Es tracta d&#8217;una pel\u00b7l\u00edcula xinesa, del&nbsp; g\u00e8nere de ficci\u00f3, de 15 minuts i estrenada el mes de maig de 2022 i dirigida per Story Chen. La directora no ha pogut ser a Badalona per\u00f2 ha enviat un missatge enregistrat donant les gr\u00e0cies al festival per haver triat el seu curt per obrir FILMETS.<\/p>\n\n\n\n<p>La Sessi\u00f3 Inaugural ha comptat amb la pres\u00e8ncia de l\u2019alcalde de Badalona, Rub\u00e9n Guijarro, que ha dirigit unes paraules de benvinguda al p\u00fablic i de suport als cineastes i al m\u00f3n del curtmetratge. Tamb\u00e9 van intervenir el conseller delegat de Badalona Comunicaci\u00f3, Josep Vi\u00f1eta Balsells, i el director art\u00edstic del festival, Agust\u00ed Argelich.<\/p>\n\n\n\n<p><strong>Equips art\u00edstics i t\u00e8cnics dels curts han presentat les seves pel\u00b7l\u00edcules<\/strong><\/p>\n\n\n\n<p>A la Sessi\u00f3 Inaugural de FILMETS tamb\u00e9 hi han estat presents equips art\u00edstics i t\u00e8cnics de pr\u00e0cticament tots curtmetratges. A banda d\u2019Story Chen, van fer la presentaci\u00f3 de les seves pel\u00b7l\u00edcules els directors Jordi Calvet, de \u2018Takbir\u2019; Sergi Castell\u00e0, de \u2018Tu ni\u00f1o\u2019, un curt protagonitzat pel \u2018bailaor\u2019 i referent mundial del flamenc en aquests moments El Yiyo; i Marc Riba i Anna Solanas, el curt \u2018El mat\u00ed del senyor Xifr\u00f3\u2019.<\/p>\n\n\n\n<p>Tamb\u00e9 cal destacar l\u2019assist\u00e8ncia dels actors Octavi Pujades, Anna Sen\u00e1n, Melyssa Pinto i Iv\u00e1n Hidalgo, del curtmetratge \u2018Takbir\u2019.<\/p>\n\n\n\n<p>A la Sessi\u00f3 Inaugural s\u2019han projectat tamb\u00e9 salutacions de les actrius Bel\u00e9n Rueda i Macarena G\u00f3mez, i de l\u2019actor Pedro Casablanc, que per motius professionals no han pogut ser a Badalona.<\/p>\n\n\n\n<p><strong>Un festival \u00fanicament presencial amb 218 pel\u00b7l\u00edcules en competici\u00f3<\/strong><\/p>\n\n\n\n<p>A difer\u00e8ncia de les dues passades edicions, FILMETS torna aquest 2022 al seu projecte original, \u00e9s a dir, ser un festival competitiu \u00fanicament presencial. Aix\u00ed, s&#8217;han previst 24 sessions tem\u00e0tiques on es projectaran 218 curts en competici\u00f3 que aspiren a guanyar una de les Venus de FILMETS, els guardons que atorga el festival.<\/p>\n\n\n\n<p>FILMETS t\u00e9 tres seus competitives: el Teatre Zorrilla de Badalona, l&#8217;Institut fran\u00e7ais de Barcelona i els cinemes Can Castellet de Sant Boi de Llobregat. Tamb\u00e9 hi haur\u00e0 4 seus m\u00e9s oficials per\u00f2 no competitives on es projectaran curtmetratges: l&#8217;Hospital Germans Trias de Badalona, l&#8217;Institut Guttmann de Badalona, els centres sanitaris de Badalona Serveis Assistencials i la seu de l&#8217;IFP-Grupo Planeta. A m\u00e9s, el Teatre Blas Infante acull les projeccions adre\u00e7ades a m\u00e9s de 5.000 escolars de Prim\u00e0ria i Secund\u00e0ria, i el Teatre Margarida Xirgu, on es far\u00e0 la projecci\u00f3 FILMETS per a Tothom, adre\u00e7ada per a persones amb diversitat funcional tant f\u00edsica com ps\u00edquica.<\/p>\n","protected":false},"excerpt":{"rendered":"<p>La 48a edici\u00f3 de FILMETS Badalona Film Festival ja s\u2019ha estrenat amb una Sessi\u00f3 Inaugural que ha omplert el Teatre Zorrilla a vessar, un fet que s\u2019ha de posar en valor despr\u00e9s de dues edicions amb restriccions d\u2019aforament a causa de la pand\u00e8mia. Diversos artistes i membres d\u2019equips t\u00e8cnics dels curts que s\u2019han pogut veure [&hellip;]<\/p>\n","protected":false},"author":2,"featured_media":4244,"comment_status":"open","ping_status":"open","sticky":false,"template":"","format":"standard","meta":{"footnotes":""},"categories":[25],"tags":[],"class_list":{"0":"post-4243","1":"post","2":"type-post","3":"status-publish","4":"format-standard","5":"has-post-thumbnail","7":"category-cultura"},"_links":{"self":[{"href":"https:\/\/areabadalona.com\/diario\/wp-json\/wp\/v2\/posts\/4243","targetHints":{"allow":["GET"]}}],"collection":[{"href":"https:\/\/areabadalona.com\/diario\/wp-json\/wp\/v2\/posts"}],"about":[{"href":"https:\/\/areabadalona.com\/diario\/wp-json\/wp\/v2\/types\/post"}],"author":[{"embeddable":true,"href":"https:\/\/areabadalona.com\/diario\/wp-json\/wp\/v2\/users\/2"}],"replies":[{"embeddable":true,"href":"https:\/\/areabadalona.com\/diario\/wp-json\/wp\/v2\/comments?post=4243"}],"version-history":[{"count":1,"href":"https:\/\/areabadalona.com\/diario\/wp-json\/wp\/v2\/posts\/4243\/revisions"}],"predecessor-version":[{"id":4245,"href":"https:\/\/areabadalona.com\/diario\/wp-json\/wp\/v2\/posts\/4243\/revisions\/4245"}],"wp:featuredmedia":[{"embeddable":true,"href":"https:\/\/areabadalona.com\/diario\/wp-json\/wp\/v2\/media\/4244"}],"wp:attachment":[{"href":"https:\/\/areabadalona.com\/diario\/wp-json\/wp\/v2\/media?parent=4243"}],"wp:term":[{"taxonomy":"category","embeddable":true,"href":"https:\/\/areabadalona.com\/diario\/wp-json\/wp\/v2\/categories?post=4243"},{"taxonomy":"post_tag","embeddable":true,"href":"https:\/\/areabadalona.com\/diario\/wp-json\/wp\/v2\/tags?post=4243"}],"curies":[{"name":"wp","href":"https:\/\/api.w.org\/{rel}","templated":true}]}}