{"id":4240,"date":"2022-10-24T08:29:18","date_gmt":"2022-10-24T08:29:18","guid":{"rendered":"https:\/\/areabadalona.com\/diario\/?p=4240"},"modified":"2022-10-24T08:29:20","modified_gmt":"2022-10-24T08:29:20","slug":"oberta-fins-al-7-de-novembre-la-convocatoria-per-participar-en-el-connectart-2022","status":"publish","type":"post","link":"https:\/\/areabadalona.com\/diario\/2022\/10\/24\/oberta-fins-al-7-de-novembre-la-convocatoria-per-participar-en-el-connectart-2022\/","title":{"rendered":"Oberta fins al 7 de novembre la convocat\u00f2ria  per participar en el Connect\u2019Art 2022 \u00a0"},"content":{"rendered":"\n<p>El Departament de Joventut de l\u2019Ajuntament de Badalona ha obert la convocat\u00f2ria per participar en el Connect\u2019Art 2022, la 9a Fira de Joves Creadors de Badalona que tindr\u00e0 lloc el pr\u00f2xim dia 26 de novembre. Enguany, com a novetat, la jornada es celebrar\u00e0 a la pla\u00e7a de la Plana. &nbsp;<\/p>\n\n\n\n<p>La fira t\u00e9 com a objectiu convertir la ciutat en un espai de trobada creatiu on es facilita als joves l\u2019oportunitat de poder donar a con\u00e8ixer, exposar, promocionar i intercanviar experi\u00e8ncies a trav\u00e9s dels seus projectes i la seva obra. L\u2019esdeveniment inclour\u00e0 un ampli ventall d\u2019expressions art\u00edstiques i es podran trobar creacions relacionades amb la pintura, escultura, cer\u00e0mica, fotografia, artesania, disseny de roba, arts esc\u00e8niques i creacions audiovisuals, entre d\u2019altres. D\u2019aquesta manera, es vol refor\u00e7ar la viabilitat de projectes emprenedors dins del m\u00f3n art\u00edstic, aix\u00ed com ampliar la seva visibilitat a la ciutat. &nbsp;<\/p>\n\n\n\n<p>Per tal de donar-li un valor afegit al Connect\u2019Art 2022, a m\u00e9s de la trentena de parades que s\u2019instal\u00b7laran, hi haur\u00e0 diversos espais dedicats a tallers creatius i es portaran a terme intervencions que representin processos de creaci\u00f3 en les quals hi hagi una participaci\u00f3 activa del p\u00fablic assistent. &nbsp;<\/p>\n\n\n\n<p>La convocat\u00f2ria est\u00e0 dirigida a joves d\u2019entre 14 i 35 anys amb un perfil que integri la capacitat creativa, la inquietud i la motivaci\u00f3 per innovar i transformar el seu entorn. &nbsp;<\/p>\n\n\n\n<p>Es podran presentar les sol\u00b7licituds fins al pr\u00f2xim dia 7 de novembre enviant un correu electr\u00f2nic a <a href=\"mailto:firajovescreadorsbdn@gmail.com\">firajovescreadorsbdn@gmail.com<\/a>, en el qual s\u2019haur\u00e0 d\u2019adjuntar la documentaci\u00f3 que es demana a les <a href=\"https:\/\/drive.google.com\/file\/d\/1lqvjnFCvooNsasRmJ9uxGJzfv7Tq14bg\/view\">bases<\/a>. &nbsp;<\/p>\n","protected":false},"excerpt":{"rendered":"<p>El Departament de Joventut de l\u2019Ajuntament de Badalona ha obert la convocat\u00f2ria per participar en el Connect\u2019Art 2022, la 9a Fira de Joves Creadors de Badalona que tindr\u00e0 lloc el pr\u00f2xim dia 26 de novembre. Enguany, com a novetat, la jornada es celebrar\u00e0 a la pla\u00e7a de la Plana. &nbsp; La fira t\u00e9 com a [&hellip;]<\/p>\n","protected":false},"author":2,"featured_media":4241,"comment_status":"open","ping_status":"open","sticky":false,"template":"","format":"standard","meta":{"footnotes":""},"categories":[23],"tags":[],"class_list":{"0":"post-4240","1":"post","2":"type-post","3":"status-publish","4":"format-standard","5":"has-post-thumbnail","7":"category-actualitat"},"_links":{"self":[{"href":"https:\/\/areabadalona.com\/diario\/wp-json\/wp\/v2\/posts\/4240","targetHints":{"allow":["GET"]}}],"collection":[{"href":"https:\/\/areabadalona.com\/diario\/wp-json\/wp\/v2\/posts"}],"about":[{"href":"https:\/\/areabadalona.com\/diario\/wp-json\/wp\/v2\/types\/post"}],"author":[{"embeddable":true,"href":"https:\/\/areabadalona.com\/diario\/wp-json\/wp\/v2\/users\/2"}],"replies":[{"embeddable":true,"href":"https:\/\/areabadalona.com\/diario\/wp-json\/wp\/v2\/comments?post=4240"}],"version-history":[{"count":1,"href":"https:\/\/areabadalona.com\/diario\/wp-json\/wp\/v2\/posts\/4240\/revisions"}],"predecessor-version":[{"id":4242,"href":"https:\/\/areabadalona.com\/diario\/wp-json\/wp\/v2\/posts\/4240\/revisions\/4242"}],"wp:featuredmedia":[{"embeddable":true,"href":"https:\/\/areabadalona.com\/diario\/wp-json\/wp\/v2\/media\/4241"}],"wp:attachment":[{"href":"https:\/\/areabadalona.com\/diario\/wp-json\/wp\/v2\/media?parent=4240"}],"wp:term":[{"taxonomy":"category","embeddable":true,"href":"https:\/\/areabadalona.com\/diario\/wp-json\/wp\/v2\/categories?post=4240"},{"taxonomy":"post_tag","embeddable":true,"href":"https:\/\/areabadalona.com\/diario\/wp-json\/wp\/v2\/tags?post=4240"}],"curies":[{"name":"wp","href":"https:\/\/api.w.org\/{rel}","templated":true}]}}