{"id":4237,"date":"2022-10-21T08:27:00","date_gmt":"2022-10-21T08:27:00","guid":{"rendered":"https:\/\/areabadalona.com\/diario\/?p=4237"},"modified":"2022-10-24T08:27:52","modified_gmt":"2022-10-24T08:27:52","slug":"badalona-incorpora-10-nous-agents-a-la-guardia-urbana","status":"publish","type":"post","link":"https:\/\/areabadalona.com\/diario\/2022\/10\/21\/badalona-incorpora-10-nous-agents-a-la-guardia-urbana\/","title":{"rendered":"Badalona incorpora 10 nous agents a la Gu\u00e0rdia Urbana\u00a0"},"content":{"rendered":"\n<p>L\u2019alcalde de Badalona, Rub\u00e9n Guijarro, acompanyat del sis\u00e8 tinent d\u2019Alcaldia i regidor de l\u2019\u00c0mbit de Govern i Seguretat Ciutadana, Christian Carneado, i el superintendent de la Gu\u00e0rdia Urbana de Badalona, Conrado Fern\u00e1ndez, ha presidit l\u2019acte de lliurament de les credencials i de l\u2019arma reglament\u00e0ria dels 10 nous agents que ha tingut lloc a la Comissaria de la Gu\u00e0rdia Urbana de Badalona situada al Tur\u00f3 d\u2019en Caritg. &nbsp;<\/p>\n\n\n\n<p>Els 10 nous agents s\u2019incorporen plenament, despr\u00e9s de la formaci\u00f3 pr\u00e8via d\u2019acollida, a les funcions de la policia local. Dels nous efectius, tres agents s\u00f3n dones i 7 s\u00f3n homes, que desenvoluparan tasques, entre altres, de policia de proximitat a partir d\u2019aquest mateix dilluns 24 d\u2019octubre.&nbsp;<\/p>\n\n\n\n<p>L\u2019alcalde de Badalona, Rub\u00e9n Guijarro, ha felicitat els nous agents i ha afegit que \u201cus agra\u00efm que h\u00e0giu escollit Badalona per incorporar-vos a la policia local i estem segurs que, com tots els vostres companys i companyes, afegireu a les labors pr\u00f2pies de seguretat el plus de servei p\u00fablic i de proximitat amb els nostres ve\u00efns i ve\u00efnes\u201d. En aquest sentit, l\u2019alcalde ha remarcat que \u201cdes d\u2019aquest Govern continuem treballant per a fer efectiva en els pr\u00f2xims mesos la incorporaci\u00f3 de m\u00e9s de 30 nous agents que permetin a la Gu\u00e0rdia Urbana de Badalona tenir un r\u00e0tio d\u2019efectius suficients per poder atendre millor les necessitats de la ciutat\u201d.&nbsp;<\/p>\n","protected":false},"excerpt":{"rendered":"<p>L\u2019alcalde de Badalona, Rub\u00e9n Guijarro, acompanyat del sis\u00e8 tinent d\u2019Alcaldia i regidor de l\u2019\u00c0mbit de Govern i Seguretat Ciutadana, Christian Carneado, i el superintendent de la Gu\u00e0rdia Urbana de Badalona, Conrado Fern\u00e1ndez, ha presidit l\u2019acte de lliurament de les credencials i de l\u2019arma reglament\u00e0ria dels 10 nous agents que ha tingut lloc a la Comissaria [&hellip;]<\/p>\n","protected":false},"author":2,"featured_media":4238,"comment_status":"open","ping_status":"open","sticky":false,"template":"","format":"standard","meta":{"footnotes":""},"categories":[23],"tags":[],"class_list":{"0":"post-4237","1":"post","2":"type-post","3":"status-publish","4":"format-standard","5":"has-post-thumbnail","7":"category-actualitat"},"_links":{"self":[{"href":"https:\/\/areabadalona.com\/diario\/wp-json\/wp\/v2\/posts\/4237","targetHints":{"allow":["GET"]}}],"collection":[{"href":"https:\/\/areabadalona.com\/diario\/wp-json\/wp\/v2\/posts"}],"about":[{"href":"https:\/\/areabadalona.com\/diario\/wp-json\/wp\/v2\/types\/post"}],"author":[{"embeddable":true,"href":"https:\/\/areabadalona.com\/diario\/wp-json\/wp\/v2\/users\/2"}],"replies":[{"embeddable":true,"href":"https:\/\/areabadalona.com\/diario\/wp-json\/wp\/v2\/comments?post=4237"}],"version-history":[{"count":1,"href":"https:\/\/areabadalona.com\/diario\/wp-json\/wp\/v2\/posts\/4237\/revisions"}],"predecessor-version":[{"id":4239,"href":"https:\/\/areabadalona.com\/diario\/wp-json\/wp\/v2\/posts\/4237\/revisions\/4239"}],"wp:featuredmedia":[{"embeddable":true,"href":"https:\/\/areabadalona.com\/diario\/wp-json\/wp\/v2\/media\/4238"}],"wp:attachment":[{"href":"https:\/\/areabadalona.com\/diario\/wp-json\/wp\/v2\/media?parent=4237"}],"wp:term":[{"taxonomy":"category","embeddable":true,"href":"https:\/\/areabadalona.com\/diario\/wp-json\/wp\/v2\/categories?post=4237"},{"taxonomy":"post_tag","embeddable":true,"href":"https:\/\/areabadalona.com\/diario\/wp-json\/wp\/v2\/tags?post=4237"}],"curies":[{"name":"wp","href":"https:\/\/api.w.org\/{rel}","templated":true}]}}