{"id":4234,"date":"2022-10-22T08:18:00","date_gmt":"2022-10-22T08:18:00","guid":{"rendered":"https:\/\/areabadalona.com\/diario\/?p=4234"},"modified":"2022-10-24T08:19:18","modified_gmt":"2022-10-24T08:19:18","slug":"proces-participatiu-per-lelaboracio-del-pla-de-mobilitat-urbana-sostenible-de-badalona","status":"publish","type":"post","link":"https:\/\/areabadalona.com\/diario\/2022\/10\/22\/proces-participatiu-per-lelaboracio-del-pla-de-mobilitat-urbana-sostenible-de-badalona\/","title":{"rendered":"Proc\u00e9s participatiu per l\u2019elaboraci\u00f3 del Pla de Mobilitat Urbana Sostenible de Badalona\u00a0"},"content":{"rendered":"\n<p>L\u2019\u00c0rea de Cultura i Mobilitat de l\u2019Ajuntament de Badalona posa en marxa un proc\u00e9s participatiu amb l\u2019objectiu de rebre propostes ciutadanes per traslladar-les al Pla de Mobilitat Urbana Sostenible de Badalona (PMUS). Aquest Pla es planteja com una eina b\u00e0sica i de consens que serveixi per a la planificaci\u00f3 de la mobilitat a la ciutat de Badalona en els pr\u00f2xims anys.&nbsp;<\/p>\n\n\n\n<p>Aquest proc\u00e9s participatiu consisteix en la realitzaci\u00f3 d&#8217;uns tallers presencials i l\u2019obertura d\u2019un canal telem\u00e0tic de participaci\u00f3. Els tallers tindran lloc a cada districte on es presentaran les dades referents a la mobilitat a Badalona recollides per a l&#8217;elaboraci\u00f3 del Pla. &nbsp;<\/p>\n\n\n\n<p><strong>Calendari tallers presencials&nbsp;<\/strong><\/p>\n\n\n\n<ul class=\"wp-block-list\"><li>Districte 5. 26 d\u2019octubre, a la Sala d&#8217;activitats n\u00e0utiques del Port de Badalona. (Moll Nord, local 10-11).&nbsp;<\/li><\/ul>\n\n\n\n<ul class=\"wp-block-list\"><li>Districte 6. 2 de novembre al Centre C\u00edvic de Sant Roc (avinguda del Maresme, 182).&nbsp;<\/li><\/ul>\n\n\n\n<ul class=\"wp-block-list\"><li>Districte 4. 8 de novembre al Centre C\u00edvic La Salut (avinguda del Marqu\u00e8s de Sant Mori, 180).&nbsp;<\/li><\/ul>\n\n\n\n<ul class=\"wp-block-list\"><li>Districte 3 , 15 de novembre al Casal C\u00edvic i Comunitari Badalona Pomar (avinguda de Terrassa s\/n).&nbsp;<\/li><\/ul>\n\n\n\n<ul class=\"wp-block-list\"><li>Districte 2. 22 de novembre al Centre C\u00edvic Can Cabanyes (rambla de &nbsp;Sant Joan, 59).&nbsp;<\/li><\/ul>\n\n\n\n<ul class=\"wp-block-list\"><li>Districte 1. 29 de novembre a la sala de premsa de l\u2019edifici municipal El Viver (pla\u00e7a de l\u2019Assemblea de Catalunya, 9-12).&nbsp;<\/li><\/ul>\n\n\n\n<p>En aquestes sessions es treballaran b\u00e0sicament els \u00e0mbits de la mobilitat a peu, camins i entorns escolars; transport p\u00fablic; transport privat; mobilitat en bicicleta i vehicles de mobilitat personal i accessibilitat.&nbsp;<\/p>\n\n\n\n<p>Totes les sessions comen\u00e7aran a les 18 hores fins a les 20:30 hores i no requereixen inscripci\u00f3 pr\u00e8via.&nbsp;<\/p>\n\n\n\n<p><strong>Sessi\u00f3 espec\u00edfica Grups de Treball del Consell de la Mobilitat&nbsp;<\/strong><\/p>\n\n\n\n<p>D\u2019altra banda, tamb\u00e9 s\u2019ha programat una sessi\u00f3 espec\u00edfica de recepci\u00f3 de propostes per als membres dels Grups de Treball del Consell de la Mobilitat el 13 de desembre a les 18 hores a la Sala de Premsa de l&#8217;Edifici del Viver.&nbsp;<\/p>\n\n\n\n<p><strong>Crida a la participaci\u00f3&nbsp;<\/strong><\/p>\n\n\n\n<p>A banda d\u2019incorporar les indicacions recollides per la normativa nacional i internacional, es considera fonamental que el nou Pla de Mobilitat respongui als reptes relacionats amb la mobilitat dels badalonins, ja que els despla\u00e7aments acaparen entre el 10 i el 20% del temps dedicat di\u00e0riament a les activitats quotidianes.&nbsp;<\/p>\n\n\n\n<p>La regidora de Cultura i Mobilitat de l\u2019Ajuntament de Badalona, Anna M. Lara, ha fet una crida a la participaci\u00f3 de la ciutadania assenyalant que: \u00abnecessitem con\u00e8ixer les propostes de la ciutadania i de les entitats perqu\u00e8 la nostra voluntat sempre ha estat voler treballar plegats en el Pla de mobilitat sostenible que necessita Badalona, que \u00e9s on es definiran les grans l\u00ednies d&#8217;actuaci\u00f3 que durant els anys vinents es portaran a terme per a la sostenibilitat ambiental de la mobilitat urbana a la nostra ciutat\u201d.&nbsp;<\/p>\n","protected":false},"excerpt":{"rendered":"<p>L\u2019\u00c0rea de Cultura i Mobilitat de l\u2019Ajuntament de Badalona posa en marxa un proc\u00e9s participatiu amb l\u2019objectiu de rebre propostes ciutadanes per traslladar-les al Pla de Mobilitat Urbana Sostenible de Badalona (PMUS). Aquest Pla es planteja com una eina b\u00e0sica i de consens que serveixi per a la planificaci\u00f3 de la mobilitat a la ciutat [&hellip;]<\/p>\n","protected":false},"author":2,"featured_media":4235,"comment_status":"open","ping_status":"open","sticky":false,"template":"","format":"standard","meta":{"footnotes":""},"categories":[23],"tags":[],"class_list":{"0":"post-4234","1":"post","2":"type-post","3":"status-publish","4":"format-standard","5":"has-post-thumbnail","7":"category-actualitat"},"_links":{"self":[{"href":"https:\/\/areabadalona.com\/diario\/wp-json\/wp\/v2\/posts\/4234","targetHints":{"allow":["GET"]}}],"collection":[{"href":"https:\/\/areabadalona.com\/diario\/wp-json\/wp\/v2\/posts"}],"about":[{"href":"https:\/\/areabadalona.com\/diario\/wp-json\/wp\/v2\/types\/post"}],"author":[{"embeddable":true,"href":"https:\/\/areabadalona.com\/diario\/wp-json\/wp\/v2\/users\/2"}],"replies":[{"embeddable":true,"href":"https:\/\/areabadalona.com\/diario\/wp-json\/wp\/v2\/comments?post=4234"}],"version-history":[{"count":1,"href":"https:\/\/areabadalona.com\/diario\/wp-json\/wp\/v2\/posts\/4234\/revisions"}],"predecessor-version":[{"id":4236,"href":"https:\/\/areabadalona.com\/diario\/wp-json\/wp\/v2\/posts\/4234\/revisions\/4236"}],"wp:featuredmedia":[{"embeddable":true,"href":"https:\/\/areabadalona.com\/diario\/wp-json\/wp\/v2\/media\/4235"}],"wp:attachment":[{"href":"https:\/\/areabadalona.com\/diario\/wp-json\/wp\/v2\/media?parent=4234"}],"wp:term":[{"taxonomy":"category","embeddable":true,"href":"https:\/\/areabadalona.com\/diario\/wp-json\/wp\/v2\/categories?post=4234"},{"taxonomy":"post_tag","embeddable":true,"href":"https:\/\/areabadalona.com\/diario\/wp-json\/wp\/v2\/tags?post=4234"}],"curies":[{"name":"wp","href":"https:\/\/api.w.org\/{rel}","templated":true}]}}