{"id":4225,"date":"2022-10-19T10:12:30","date_gmt":"2022-10-19T10:12:30","guid":{"rendered":"https:\/\/areabadalona.com\/diario\/?p=4225"},"modified":"2022-10-19T10:12:32","modified_gmt":"2022-10-19T10:12:32","slug":"les-terceres-jornades-de-gent-gran-a-badalona-se-centren-en-la-figura-del-cuidador","status":"publish","type":"post","link":"https:\/\/areabadalona.com\/diario\/2022\/10\/19\/les-terceres-jornades-de-gent-gran-a-badalona-se-centren-en-la-figura-del-cuidador\/","title":{"rendered":"Les terceres Jornades de Gent Gran a Badalona se centren en la figura del cuidador"},"content":{"rendered":"\n<p>\u201cCuidem-nos: Recursos i idees per a persones que cuiden\u201d \u00e9s el t\u00edtol de les III Jornades de Gent Gran a Badalona, organitzades pel grup d\u2019entitats socials La Teranyina. Les jornades tindran lloc dimarts 25 d\u2019octubre i s\u00f3n obertes a la ciutadania pr\u00e8via <a href=\"https:\/\/docs.google.com\/forms\/d\/e\/1FAIpQLSfoPLngP-OEFwjBDa08eNx1OvsvRoVCNmvckhnvZVwGWZ5JuQ\/viewform\">inscripci\u00f3<\/a>.<br>La trobada inclou una jornada t\u00e8cnica al mat\u00ed al Centre C\u00edvic La Salut amb una confer\u00e8ncia d\u2019Eul\u00e0lia Cucurella, presidenta d\u2019honor de la Fundaci\u00f3 Alzheimer Catalunya, i tamb\u00e9 tallers sobre la cura del cuidador i l\u2019acompanyament emocional. A la tarda es faran activitats l\u00fadiques per a persones grans, al Centre Cultural l\u2019Escorxador.<br>El grup La Teranyina est\u00e0 format per Amics de la Gent Gran, Fundaci\u00f3 Llegat Roca i Pi, Creu Roja, Fundaci\u00f3 Catalunya La Pedrera, C\u00e0ritas, Associaci\u00f3 de Familiars Alzheimer de Badalona, Aula d\u2019Extensi\u00f3 Universit\u00e0ria per a la gent gran de Badalona i l\u2019Associaci\u00f3 de ve\u00efns del centre. Tamb\u00e9 s\u2019han incorporat al grup Salut Mental Barcelon\u00e8s Nord, Badalona Capa\u00e7 i Plataforma de la Gent Gran.<br>Les Jornades de Gent Gran compten amb la col\u00b7laboraci\u00f3 de l\u2019Ajuntament de Badalona, Badalona Serveis Assistencials i l\u2019Institut Catal\u00e0 de la Salut.<\/p>\n\n\n\n<p><br><strong>PROGRAMA III JORNADES DE GENT GRAN BADALONA (25 OCTUBRE)<\/strong><br><strong>\u201cCuidem-nos: Recursos i idees per a persones que cuiden\u201d<\/strong><br>Mat\u00ed \u2013 Jornada t\u00e8cnica. Centre C\u00edvic La Salut (Av. Marqu\u00e8s de Sant Mori, 180)<br>9:00 h Recepci\u00f3 dels assistents<br>9:30 h Espai vivencial amb la col\u00b7laboraci\u00f3 de Miquel Rib\u00f3 i Margarida Salsas<br>10:15 h Confer\u00e8ncia amb el t\u00edtol \u201cI al cuidador, qui el cuida?\u201d a c\u00e0rrec d&#8217;Eul\u00e0lia Cucurella, presidenta d&#8217;honor de la Fundaci\u00f3 Alzheimer Catalunya<br>11:15 h Pausa-caf\u00e8<br>11:45 h Tallers a c\u00e0rrec de l\u2019Escola de Cuidadors \u2013 Fundaci\u00f3 la Caixa<br>Taller 1: Cuidar-se per a Cuidar<br>Taller 2: Acompanyament Emocional i Bon Tracte<br>13:15 h Conclusions<br>13:30 h Finalitzaci\u00f3 jornada mat\u00ed<br>Tarda \u2013 Activitats l\u00fadiques. Centre Cultural l\u2019Escorxador (C. Don Pelayo, 22)<br>16:00 h DJ Verano<br>17:00 h Berenar<br>18:00 h Finalitzaci\u00f3 jornada tarda<\/p>\n","protected":false},"excerpt":{"rendered":"<p>\u201cCuidem-nos: Recursos i idees per a persones que cuiden\u201d \u00e9s el t\u00edtol de les III Jornades de Gent Gran a Badalona, organitzades pel grup d\u2019entitats socials La Teranyina. Les jornades tindran lloc dimarts 25 d\u2019octubre i s\u00f3n obertes a la ciutadania pr\u00e8via inscripci\u00f3.La trobada inclou una jornada t\u00e8cnica al mat\u00ed al Centre C\u00edvic La Salut [&hellip;]<\/p>\n","protected":false},"author":2,"featured_media":4226,"comment_status":"open","ping_status":"open","sticky":false,"template":"","format":"standard","meta":{"footnotes":""},"categories":[23,24],"tags":[],"class_list":{"0":"post-4225","1":"post","2":"type-post","3":"status-publish","4":"format-standard","5":"has-post-thumbnail","7":"category-actualitat","8":"category-societat"},"_links":{"self":[{"href":"https:\/\/areabadalona.com\/diario\/wp-json\/wp\/v2\/posts\/4225","targetHints":{"allow":["GET"]}}],"collection":[{"href":"https:\/\/areabadalona.com\/diario\/wp-json\/wp\/v2\/posts"}],"about":[{"href":"https:\/\/areabadalona.com\/diario\/wp-json\/wp\/v2\/types\/post"}],"author":[{"embeddable":true,"href":"https:\/\/areabadalona.com\/diario\/wp-json\/wp\/v2\/users\/2"}],"replies":[{"embeddable":true,"href":"https:\/\/areabadalona.com\/diario\/wp-json\/wp\/v2\/comments?post=4225"}],"version-history":[{"count":1,"href":"https:\/\/areabadalona.com\/diario\/wp-json\/wp\/v2\/posts\/4225\/revisions"}],"predecessor-version":[{"id":4227,"href":"https:\/\/areabadalona.com\/diario\/wp-json\/wp\/v2\/posts\/4225\/revisions\/4227"}],"wp:featuredmedia":[{"embeddable":true,"href":"https:\/\/areabadalona.com\/diario\/wp-json\/wp\/v2\/media\/4226"}],"wp:attachment":[{"href":"https:\/\/areabadalona.com\/diario\/wp-json\/wp\/v2\/media?parent=4225"}],"wp:term":[{"taxonomy":"category","embeddable":true,"href":"https:\/\/areabadalona.com\/diario\/wp-json\/wp\/v2\/categories?post=4225"},{"taxonomy":"post_tag","embeddable":true,"href":"https:\/\/areabadalona.com\/diario\/wp-json\/wp\/v2\/tags?post=4225"}],"curies":[{"name":"wp","href":"https:\/\/api.w.org\/{rel}","templated":true}]}}