{"id":4222,"date":"2022-10-19T09:04:15","date_gmt":"2022-10-19T09:04:15","guid":{"rendered":"https:\/\/areabadalona.com\/diario\/?p=4222"},"modified":"2022-10-19T09:04:16","modified_gmt":"2022-10-19T09:04:16","slug":"lajuntament-de-badalona-organitza-un-acte-obert-a-la-ciutadania-per-presentar-el-projecte-de-les-avingudes-metropolitanes","status":"publish","type":"post","link":"https:\/\/areabadalona.com\/diario\/2022\/10\/19\/lajuntament-de-badalona-organitza-un-acte-obert-a-la-ciutadania-per-presentar-el-projecte-de-les-avingudes-metropolitanes\/","title":{"rendered":"L\u2019Ajuntament de Badalona organitza un acte  obert a la ciutadania per presentar el projecte de les avingudes metropolitanes  \u00a0"},"content":{"rendered":"\n<p>El pr\u00f2xim dijous 3 de novembre a les 19 hores, la sala de premsa de El Viver acollir\u00e0 la presentaci\u00f3 del projecte de les avingudes metropolitanes, un concepte que proposa el Pla director urban\u00edstic metropolit\u00e0 per a repensar les infraestructures vi\u00e0ries del futur. L\u2019acte, que estar\u00e0 obert a tota la ciutadania, anir\u00e0 a c\u00e0rrec de Jordi S\u00e0nchez Escrigas, vicepresident de l\u2019\u00c0rea de Desenvolupament de les Pol\u00edtiques Urban\u00edstiques de l\u2019\u00c0rea Metropolitana de Barcelona (AMB).&nbsp;<\/p>\n\n\n\n<p>L\u2019Ajuntament de Badalona organitza aquesta presentaci\u00f3 amb la col\u00b7laboraci\u00f3 del Col\u00b7lectiu Transformem l&#8217;Autopista C31 i la Taula per la Mobilitat i l&#8217;Accessibilitat Badalona de la FAVB. L\u2019objectiu de la sessi\u00f3 \u00e9s debatre sobre la transformaci\u00f3 de l\u2019autopista C31 i imaginar el paisatge urban\u00edstic de la ciutat del futur a trav\u00e9s de la construcci\u00f3 d\u2019un espai p\u00fablic m\u00e9s accessible, saludable, segur i sostenible. &nbsp;<\/p>\n\n\n\n<p><strong>Les avingudes metropolitanes: els carrers majors de la metr\u00f2polis&nbsp;<\/strong><\/p>\n\n\n\n<p>L&#8217;AMB, dins de les seves compet\u00e8ncies en urbanisme i espai p\u00fablic, est\u00e0 treballant en diversos \u00e0mbits per planificar, dissenyar i executar la transformaci\u00f3 de diferents infraestructures vi\u00e0ries que en origen han estat pensades per al vehicle privat. Aix\u00ed, al Pla director urban\u00edstic metropolit\u00e0 (PDU), que es troba en proc\u00e9s de redacci\u00f3, es proposa una xarxa d&#8217;avingudes metropolitanes que vertebra el transport p\u00fablic i garanteix l&#8217;accessibilitat a peu i en bicicleta entre municipis. Aquests grans carrers metropolitans concentraran usos, equipaments i espais p\u00fablics que afavoriran la proximitat i l&#8217;accessibilitat entre municipis. Alguns carrers urbans connectaran municipis entre si i alhora els connectaran amb els espais oberts.&nbsp;<\/p>\n","protected":false},"excerpt":{"rendered":"<p>El pr\u00f2xim dijous 3 de novembre a les 19 hores, la sala de premsa de El Viver acollir\u00e0 la presentaci\u00f3 del projecte de les avingudes metropolitanes, un concepte que proposa el Pla director urban\u00edstic metropolit\u00e0 per a repensar les infraestructures vi\u00e0ries del futur. L\u2019acte, que estar\u00e0 obert a tota la ciutadania, anir\u00e0 a c\u00e0rrec de [&hellip;]<\/p>\n","protected":false},"author":2,"featured_media":4223,"comment_status":"open","ping_status":"open","sticky":false,"template":"","format":"standard","meta":{"footnotes":""},"categories":[23,24],"tags":[],"class_list":{"0":"post-4222","1":"post","2":"type-post","3":"status-publish","4":"format-standard","5":"has-post-thumbnail","7":"category-actualitat","8":"category-societat"},"_links":{"self":[{"href":"https:\/\/areabadalona.com\/diario\/wp-json\/wp\/v2\/posts\/4222","targetHints":{"allow":["GET"]}}],"collection":[{"href":"https:\/\/areabadalona.com\/diario\/wp-json\/wp\/v2\/posts"}],"about":[{"href":"https:\/\/areabadalona.com\/diario\/wp-json\/wp\/v2\/types\/post"}],"author":[{"embeddable":true,"href":"https:\/\/areabadalona.com\/diario\/wp-json\/wp\/v2\/users\/2"}],"replies":[{"embeddable":true,"href":"https:\/\/areabadalona.com\/diario\/wp-json\/wp\/v2\/comments?post=4222"}],"version-history":[{"count":1,"href":"https:\/\/areabadalona.com\/diario\/wp-json\/wp\/v2\/posts\/4222\/revisions"}],"predecessor-version":[{"id":4224,"href":"https:\/\/areabadalona.com\/diario\/wp-json\/wp\/v2\/posts\/4222\/revisions\/4224"}],"wp:featuredmedia":[{"embeddable":true,"href":"https:\/\/areabadalona.com\/diario\/wp-json\/wp\/v2\/media\/4223"}],"wp:attachment":[{"href":"https:\/\/areabadalona.com\/diario\/wp-json\/wp\/v2\/media?parent=4222"}],"wp:term":[{"taxonomy":"category","embeddable":true,"href":"https:\/\/areabadalona.com\/diario\/wp-json\/wp\/v2\/categories?post=4222"},{"taxonomy":"post_tag","embeddable":true,"href":"https:\/\/areabadalona.com\/diario\/wp-json\/wp\/v2\/tags?post=4222"}],"curies":[{"name":"wp","href":"https:\/\/api.w.org\/{rel}","templated":true}]}}