{"id":4219,"date":"2022-10-19T09:02:24","date_gmt":"2022-10-19T09:02:24","guid":{"rendered":"https:\/\/areabadalona.com\/diario\/?p=4219"},"modified":"2022-10-19T09:02:25","modified_gmt":"2022-10-19T09:02:25","slug":"aquest-diumenge-23-doctubre-tindra-lloc-lactivitat-explorem-la-platja-de-badalona","status":"publish","type":"post","link":"https:\/\/areabadalona.com\/diario\/2022\/10\/19\/aquest-diumenge-23-doctubre-tindra-lloc-lactivitat-explorem-la-platja-de-badalona\/","title":{"rendered":"Aquest diumenge 23 d\u2019octubre tindr\u00e0 lloc l\u2019activitat \u2018Explorem la platja de Badalona\u2019\u00a0"},"content":{"rendered":"\n<p>El pr\u00f2xim diumenge 23 d\u2019octubre el litoral badalon\u00ed ser\u00e0 escenari de l\u2019activitat &nbsp;\u2018Explorem la platja de Badalona\u2019, una jornada adre\u00e7ada a un p\u00fablic familiar per donar a con\u00e8ixer i posar \u00e8mfasi en la sorprenent biodiversitat que hi ha a la costa de la ciutat, tenint en compte que \u00e9s una platja urbana. &nbsp;<\/p>\n\n\n\n<p>L\u2019activitat comen\u00e7ar\u00e0 a les 10.30 hores a l\u2019Escola del Mar (passeig de la Rambla, 37), des d\u2019on s\u2019iniciar\u00e0 una passejada per la platja per observar i recollir all\u00f2 que el mar porta a la sorra, parant especial atenci\u00f3 en les troballes d&#8217;origen natural com ara petxines, caragols o closques de cranc. Despr\u00e9s es tornar\u00e0 al punt de sortida, on s\u2019explicar\u00e0 i analitzar\u00e0 el que s\u2019ha trobat i vist i, alhora, es reflexionar\u00e0 i debatr\u00e0 sobre la influ\u00e8ncia de l&#8217;impacte hum\u00e0 al litoral de Badalona. Es preveu que l\u2019activitat finalitzi al voltant de les 13 hores. &nbsp;<\/p>\n\n\n\n<p>La participaci\u00f3 en la jornada \u00e9s gratu\u00efta, per\u00f2 cal inscripci\u00f3 pr\u00e8via, ja que les places s\u00f3n limitades. Les persones interessades poden confirmar la seva assist\u00e8ncia trucant al tel\u00e8fon 93 256 22 20 (de dimarts a divendres de 10 a 13 h) o enviant un correu electr\u00f2nic a <a href=\"mailto:activitatsmetropolitanes@bcn.cat\">activitatsmetropolitanes@bcn.cat<\/a>.&nbsp;<\/p>\n\n\n\n<p>Podeu consultar tota la programaci\u00f3 a <a href=\"http:\/\/www.amb.cat\/agenda\">www.amb.cat\/agenda<\/a>.&nbsp;<\/p>\n\n\n\n<p>La regidora de l\u2019\u00c0rea de Medi Ambient i Sostenibilitat, Rosa Trenado, considera que \u00abcal desenvolupar activitats d&#8217;educaci\u00f3 i conscienciaci\u00f3 del medi natural i per aix\u00f2 animo la ciutadania a participar en aquesta jornada per gaudir d&#8217;un mat\u00ed aprenentatge en fam\u00edlia\u00bb. La regidora recorda que \u00abla platja de Badalona \u00e9s un dels indrets m\u00e9s valorats pels ve\u00efns i ve\u00efnes i per aix\u00f2 \u00e9s important con\u00e8ixer b\u00e9 les seves caracter\u00edstiques i cuidar-la i respectar-la com es mereix\u00bb.&nbsp;<\/p>\n\n\n\n<p><strong>5a Acci\u00f3 Platges Met &nbsp;<\/strong><\/p>\n\n\n\n<p>L\u2019activitat \u2018Explorem la platja de Badalona\u2019 s\u2019emmarca en la 5a Acci\u00f3 Platges Met, una iniciativa conjunta i simult\u00e0nia a cadascuna de les platges metropolitanes per tal de sensibilitzar al p\u00fablic envers els valors dels ecosistemes litorals de la zona. &nbsp;<\/p>\n\n\n\n<p>Les platges metropolitanes no s\u00f3n nom\u00e9s indrets d&#8217;esbarjo on poder prendre el sol, sin\u00f3 tamb\u00e9 ecosistemes de gran import\u00e0ncia per a la conservaci\u00f3 del litoral. Amb la jornada participativa conjunta i simult\u00e0nia del diumenge 23 d\u2019octubre, a les platges de Castelldefels, Gav\u00e0, Viladecans, el Prat de Llobregat, Barcelona, Sant Adri\u00e0 de Bes\u00f2s, Badalona i Montgat es portaran a terme accions populars i activitats de millora i sensibilitzaci\u00f3 envers aquests ecosistemes, com ara itineraris, plantacions i observacions de la biodiversitat.&nbsp;<\/p>\n\n\n\n<p>Enguany, l\u2019Acci\u00f3 Platges Met celebra l\u2019atorgament del prestigi\u00f3s guard\u00f3 <em>New European Bauhaus 2022<\/em>, concedit anualment per la Comissi\u00f3 Europea a un projecte de reconnexi\u00f3 amb la natura. En aquest cas, el premi va ser atorgat al projecte de recuperaci\u00f3 i gesti\u00f3 de les dunes de les platges de l&#8217;\u00c0rea Metropolitana de Barcelona. Amb motiu del premi, es lliurar\u00e0 un petit obsequi a cada fam\u00edlia que participi en qualsevol de les activitats de la 5a Acci\u00f3 Platges Met.&nbsp;<\/p>\n","protected":false},"excerpt":{"rendered":"<p>El pr\u00f2xim diumenge 23 d\u2019octubre el litoral badalon\u00ed ser\u00e0 escenari de l\u2019activitat &nbsp;\u2018Explorem la platja de Badalona\u2019, una jornada adre\u00e7ada a un p\u00fablic familiar per donar a con\u00e8ixer i posar \u00e8mfasi en la sorprenent biodiversitat que hi ha a la costa de la ciutat, tenint en compte que \u00e9s una platja urbana. &nbsp; L\u2019activitat comen\u00e7ar\u00e0 [&hellip;]<\/p>\n","protected":false},"author":2,"featured_media":4220,"comment_status":"open","ping_status":"open","sticky":false,"template":"","format":"standard","meta":{"footnotes":""},"categories":[23],"tags":[],"class_list":{"0":"post-4219","1":"post","2":"type-post","3":"status-publish","4":"format-standard","5":"has-post-thumbnail","7":"category-actualitat"},"_links":{"self":[{"href":"https:\/\/areabadalona.com\/diario\/wp-json\/wp\/v2\/posts\/4219","targetHints":{"allow":["GET"]}}],"collection":[{"href":"https:\/\/areabadalona.com\/diario\/wp-json\/wp\/v2\/posts"}],"about":[{"href":"https:\/\/areabadalona.com\/diario\/wp-json\/wp\/v2\/types\/post"}],"author":[{"embeddable":true,"href":"https:\/\/areabadalona.com\/diario\/wp-json\/wp\/v2\/users\/2"}],"replies":[{"embeddable":true,"href":"https:\/\/areabadalona.com\/diario\/wp-json\/wp\/v2\/comments?post=4219"}],"version-history":[{"count":1,"href":"https:\/\/areabadalona.com\/diario\/wp-json\/wp\/v2\/posts\/4219\/revisions"}],"predecessor-version":[{"id":4221,"href":"https:\/\/areabadalona.com\/diario\/wp-json\/wp\/v2\/posts\/4219\/revisions\/4221"}],"wp:featuredmedia":[{"embeddable":true,"href":"https:\/\/areabadalona.com\/diario\/wp-json\/wp\/v2\/media\/4220"}],"wp:attachment":[{"href":"https:\/\/areabadalona.com\/diario\/wp-json\/wp\/v2\/media?parent=4219"}],"wp:term":[{"taxonomy":"category","embeddable":true,"href":"https:\/\/areabadalona.com\/diario\/wp-json\/wp\/v2\/categories?post=4219"},{"taxonomy":"post_tag","embeddable":true,"href":"https:\/\/areabadalona.com\/diario\/wp-json\/wp\/v2\/tags?post=4219"}],"curies":[{"name":"wp","href":"https:\/\/api.w.org\/{rel}","templated":true}]}}