{"id":4216,"date":"2022-10-19T09:00:56","date_gmt":"2022-10-19T09:00:56","guid":{"rendered":"https:\/\/areabadalona.com\/diario\/?p=4216"},"modified":"2022-10-19T09:00:57","modified_gmt":"2022-10-19T09:00:57","slug":"badalona-acull-el-iii-col%c2%b7loqui-internacional-darqueologia-romana-el-vi-a-lantiguitat-economia-produccio-i-comerc-al-mediterrani","status":"publish","type":"post","link":"https:\/\/areabadalona.com\/diario\/2022\/10\/19\/badalona-acull-el-iii-col%c2%b7loqui-internacional-darqueologia-romana-el-vi-a-lantiguitat-economia-produccio-i-comerc-al-mediterrani\/","title":{"rendered":"Badalona acull el III Col\u00b7loqui Internacional  d\u2019Arqueologia Romana \u201cEl vi a l\u2019antiguitat. Economia, producci\u00f3 i comer\u00e7 al  Mediterrani\u201d\u00a0"},"content":{"rendered":"\n<p>El Museu de Badalona acull el III Col\u00b7loqui Internacional d\u2019Arqueologia Romana \u201cEl vi a l\u2019antiguitat. Economia, producci\u00f3 i comer\u00e7 al Mediterrani\u201d que tindr\u00e0 lloc durant tres dies (del 19 al 21 d\u2019octubre). La trobada servir\u00e0 per presentar nova informaci\u00f3 i intercanviar m\u00e8todes, experi\u00e8ncies i perspectives entre els investigadors internacionals dedicats al m\u00f3n del vi a l\u2019antiguitat. &nbsp;<\/p>\n\n\n\n<p>L\u2019any 1985 el Museu de Badalona va organitzar el primer Col\u00b7loqui del vi a l\u2019antiguitat, i el segon va tenir lloc l\u2019any 1997. La recerca sobre la producci\u00f3 del vi i la seva comercialitzaci\u00f3 ha continuat amb novetats significatives gr\u00e0cies a l\u2019adopci\u00f3 de metodologies modernes, desenvolupament de noves l\u00ednies de recerca i sobretot, amb la incorporaci\u00f3 d\u2019una nova generaci\u00f3 d\u2019investigadors ben preparats, bona part dels quals es reuniran ara a Badalona en unes jornades amb les inscripcions ja tancades.&nbsp;<\/p>\n\n\n\n<p>L\u2019acte institucional d\u2019inauguraci\u00f3 del Col\u00b7loqui tindr\u00e0 lloc dem\u00e0 19 d\u2019octubre a les 9.30 hores a la sala d\u2019actes del Museu de Badalona i comptar\u00e0 amb la participaci\u00f3 de la regidora de l\u2019\u00c0rea de Cultura i Mobilitat de l\u2019Ajuntament de Badalona, Anna M. Lara.&nbsp;<\/p>\n\n\n\n<p>El Museu de Badalona ha comptat per a l\u2019organitzaci\u00f3 d\u2019aquest Col\u00b7loqui internacional amb la col\u00b7laboraci\u00f3 de la Universitat de Barcelona (UB); la Universitat Aut\u00f2noma de Barcelona (UAB); l\u2019Institut Catal\u00e0 d\u2019Arqueologia Cl\u00e0ssica (ICAC;, el Museu d\u2019Arqueologia de Catalunya, l\u2019Institut d\u2019Estudis Catalans (IEC) i Enoturisme DO Alella.&nbsp;<\/p>\n","protected":false},"excerpt":{"rendered":"<p>El Museu de Badalona acull el III Col\u00b7loqui Internacional d\u2019Arqueologia Romana \u201cEl vi a l\u2019antiguitat. Economia, producci\u00f3 i comer\u00e7 al Mediterrani\u201d que tindr\u00e0 lloc durant tres dies (del 19 al 21 d\u2019octubre). La trobada servir\u00e0 per presentar nova informaci\u00f3 i intercanviar m\u00e8todes, experi\u00e8ncies i perspectives entre els investigadors internacionals dedicats al m\u00f3n del vi a [&hellip;]<\/p>\n","protected":false},"author":2,"featured_media":4217,"comment_status":"open","ping_status":"open","sticky":false,"template":"","format":"standard","meta":{"footnotes":""},"categories":[23,25],"tags":[],"class_list":{"0":"post-4216","1":"post","2":"type-post","3":"status-publish","4":"format-standard","5":"has-post-thumbnail","7":"category-actualitat","8":"category-cultura"},"_links":{"self":[{"href":"https:\/\/areabadalona.com\/diario\/wp-json\/wp\/v2\/posts\/4216","targetHints":{"allow":["GET"]}}],"collection":[{"href":"https:\/\/areabadalona.com\/diario\/wp-json\/wp\/v2\/posts"}],"about":[{"href":"https:\/\/areabadalona.com\/diario\/wp-json\/wp\/v2\/types\/post"}],"author":[{"embeddable":true,"href":"https:\/\/areabadalona.com\/diario\/wp-json\/wp\/v2\/users\/2"}],"replies":[{"embeddable":true,"href":"https:\/\/areabadalona.com\/diario\/wp-json\/wp\/v2\/comments?post=4216"}],"version-history":[{"count":1,"href":"https:\/\/areabadalona.com\/diario\/wp-json\/wp\/v2\/posts\/4216\/revisions"}],"predecessor-version":[{"id":4218,"href":"https:\/\/areabadalona.com\/diario\/wp-json\/wp\/v2\/posts\/4216\/revisions\/4218"}],"wp:featuredmedia":[{"embeddable":true,"href":"https:\/\/areabadalona.com\/diario\/wp-json\/wp\/v2\/media\/4217"}],"wp:attachment":[{"href":"https:\/\/areabadalona.com\/diario\/wp-json\/wp\/v2\/media?parent=4216"}],"wp:term":[{"taxonomy":"category","embeddable":true,"href":"https:\/\/areabadalona.com\/diario\/wp-json\/wp\/v2\/categories?post=4216"},{"taxonomy":"post_tag","embeddable":true,"href":"https:\/\/areabadalona.com\/diario\/wp-json\/wp\/v2\/tags?post=4216"}],"curies":[{"name":"wp","href":"https:\/\/api.w.org\/{rel}","templated":true}]}}