{"id":4195,"date":"2022-10-14T10:17:57","date_gmt":"2022-10-14T10:17:57","guid":{"rendered":"https:\/\/areabadalona.com\/diario\/?p=4195"},"modified":"2022-10-14T10:17:58","modified_gmt":"2022-10-14T10:17:58","slug":"lajuntament-de-badalona-celebra-aquest-dissabte-un-acte-institucional-en-homenatge-al-president-lluis-companys","status":"publish","type":"post","link":"https:\/\/areabadalona.com\/diario\/2022\/10\/14\/lajuntament-de-badalona-celebra-aquest-dissabte-un-acte-institucional-en-homenatge-al-president-lluis-companys\/","title":{"rendered":"L\u2019Ajuntament de Badalona celebra aquest dissabte un acte institucional en homenatge al president Llu\u00eds Companys\u00a0"},"content":{"rendered":"\n<p>L\u2019Ajuntament de Badalona celebra <strong>dem\u00e0 dissabte 15 d\u2019octubre, a les 9.15 hores, <\/strong>l\u2019acte institucional en homenatge a qui fou president de la Generalitat de Catalunya, Llu\u00eds Companys i Jover. L\u2019acte tindr\u00e0 lloc al mon\u00f2lit dedicat al president, situat al jardinet de l\u2019avinguda del President Llu\u00eds Companys en la cantonada amb el carrer de Sant Josep i de Ros\u00e9s.&nbsp;<\/p>\n\n\n\n<p>Durant l\u2019homenatge es far\u00e0 una ofrena floral per part de les autoritats i es guardar\u00e0 un minut de silenci amb el Cant dels ocells. &nbsp;L\u2019acte es clour\u00e0 amb la interpretaci\u00f3 de l\u2019himne Els Segadors.&nbsp;<\/p>\n\n\n\n<p>Recordem que aquest 15 d\u2019octubre es compleix el 82\u00e8 aniversari de l\u2019afusellament del president de la Generalitat Llu\u00eds Companys per l\u2019ex\u00e8rcit franquista al fossat de Santa Eul\u00e0lia del castell de Montju\u00efc.&nbsp;<\/p>\n","protected":false},"excerpt":{"rendered":"<p>L\u2019Ajuntament de Badalona celebra dem\u00e0 dissabte 15 d\u2019octubre, a les 9.15 hores, l\u2019acte institucional en homenatge a qui fou president de la Generalitat de Catalunya, Llu\u00eds Companys i Jover. L\u2019acte tindr\u00e0 lloc al mon\u00f2lit dedicat al president, situat al jardinet de l\u2019avinguda del President Llu\u00eds Companys en la cantonada amb el carrer de Sant Josep [&hellip;]<\/p>\n","protected":false},"author":2,"featured_media":4196,"comment_status":"open","ping_status":"open","sticky":false,"template":"","format":"standard","meta":{"footnotes":""},"categories":[23],"tags":[],"class_list":{"0":"post-4195","1":"post","2":"type-post","3":"status-publish","4":"format-standard","5":"has-post-thumbnail","7":"category-actualitat"},"_links":{"self":[{"href":"https:\/\/areabadalona.com\/diario\/wp-json\/wp\/v2\/posts\/4195","targetHints":{"allow":["GET"]}}],"collection":[{"href":"https:\/\/areabadalona.com\/diario\/wp-json\/wp\/v2\/posts"}],"about":[{"href":"https:\/\/areabadalona.com\/diario\/wp-json\/wp\/v2\/types\/post"}],"author":[{"embeddable":true,"href":"https:\/\/areabadalona.com\/diario\/wp-json\/wp\/v2\/users\/2"}],"replies":[{"embeddable":true,"href":"https:\/\/areabadalona.com\/diario\/wp-json\/wp\/v2\/comments?post=4195"}],"version-history":[{"count":1,"href":"https:\/\/areabadalona.com\/diario\/wp-json\/wp\/v2\/posts\/4195\/revisions"}],"predecessor-version":[{"id":4197,"href":"https:\/\/areabadalona.com\/diario\/wp-json\/wp\/v2\/posts\/4195\/revisions\/4197"}],"wp:featuredmedia":[{"embeddable":true,"href":"https:\/\/areabadalona.com\/diario\/wp-json\/wp\/v2\/media\/4196"}],"wp:attachment":[{"href":"https:\/\/areabadalona.com\/diario\/wp-json\/wp\/v2\/media?parent=4195"}],"wp:term":[{"taxonomy":"category","embeddable":true,"href":"https:\/\/areabadalona.com\/diario\/wp-json\/wp\/v2\/categories?post=4195"},{"taxonomy":"post_tag","embeddable":true,"href":"https:\/\/areabadalona.com\/diario\/wp-json\/wp\/v2\/tags?post=4195"}],"curies":[{"name":"wp","href":"https:\/\/api.w.org\/{rel}","templated":true}]}}