{"id":4186,"date":"2022-10-13T15:31:00","date_gmt":"2022-10-13T15:31:00","guid":{"rendered":"https:\/\/areabadalona.com\/diario\/?p=4186"},"modified":"2022-10-14T08:32:19","modified_gmt":"2022-10-14T08:32:19","slug":"badalona-serveis-assistencials-bsa-torna-a-ser-seu-oficial-no-competitiva-de-filmets-badalona-film-festival","status":"publish","type":"post","link":"https:\/\/areabadalona.com\/diario\/2022\/10\/13\/badalona-serveis-assistencials-bsa-torna-a-ser-seu-oficial-no-competitiva-de-filmets-badalona-film-festival\/","title":{"rendered":"Badalona Serveis Assistencials (BSA) torna a ser seu oficial no competitiva de FILMETS  Badalona Film Festival"},"content":{"rendered":"\n<p>La sala d\u2019actes de l\u2019Hospital Municipal de Badalona i del Centre Sociosanitari El Carme de BSA projectaran una selecci\u00f3 de curtmetratges de FILMETS Badalona Film Festival pels professionals de l\u2019organitzaci\u00f3 els dies del festival. En aquesta segona edici\u00f3, i sense les restriccions d\u2019aforament de la pand\u00e8mia COVID-19, la convocat\u00f2ria \u00e9s oberta tamb\u00e9 a persones usu\u00e0ries i familiars.<\/p>\n\n\n\n<p>Apropar els millors curtmetratges i apostar per la cultura com a benefici directe per a la salut s\u00f3n alguns dels objectius d\u2019aquesta iniciativa que neix de l\u2019alian\u00e7a entre l\u2019organitzaci\u00f3 sanit\u00e0ria i Badalona Comunicaci\u00f3 -dues entitats p\u00fabliques que consoliden d\u2019aquesta manera la seva alian\u00e7a amb vocaci\u00f3 de servei-.<\/p>\n\n\n\n<p>La gerenta de BSA, Pilar Otermin, ha explicat que \u00abm<em>antenir iniciatives com aquesta col\u00b7laboraci\u00f3 amb Filmets, que enguany fem per segona edici\u00f3 consecutiva, ens permet avan\u00e7ar cap a experi\u00e8ncies d\u2019hospitalitzaci\u00f3 molt m\u00e9s positives. Gr\u00e0cies a que les mesures COVID han millorat respecte a l\u2019any anterior, aquest 2022 podrem obrir les projeccions del festival al personal sanitari, usuaris i usu\u00e0ries i als familiars\u00bb.<\/em><\/p>\n\n\n\n<p>Per la seva banda, el conseller delegat de Badalona Comunicaci\u00f3, Josep Vi\u00f1eta Balsells, ha explicat que \u201ca Badalona Comunicaci\u00f3 estem molt satisfets i molt contents de renovar l&#8217;acord amb BSA ja que aix\u00f2 permetr\u00e0 que pel\u00b7l\u00edcules de la Secci\u00f3 Oficial de FILMETS siguin vistes pel personal sanitari i els usuaris i usu\u00e0ries dels equipaments de BSA\u00bb. \u00abAquesta iniciativa ens satisf\u00e0 molt\u00edssim perqu\u00e8 permet cumplir la nostra missi\u00f3 com a servei p\u00fablic i \u00e9s una m\u00e9s de les col\u00b7laboracions que tenim Badalona Comunicaci\u00f3 i BSA\u00bb, ha afegit.<\/p>\n","protected":false},"excerpt":{"rendered":"<p>La sala d\u2019actes de l\u2019Hospital Municipal de Badalona i del Centre Sociosanitari El Carme de BSA projectaran una selecci\u00f3 de curtmetratges de FILMETS Badalona Film Festival pels professionals de l\u2019organitzaci\u00f3 els dies del festival. En aquesta segona edici\u00f3, i sense les restriccions d\u2019aforament de la pand\u00e8mia COVID-19, la convocat\u00f2ria \u00e9s oberta tamb\u00e9 a persones usu\u00e0ries [&hellip;]<\/p>\n","protected":false},"author":2,"featured_media":4187,"comment_status":"open","ping_status":"open","sticky":false,"template":"","format":"standard","meta":{"footnotes":""},"categories":[23,25],"tags":[],"class_list":{"0":"post-4186","1":"post","2":"type-post","3":"status-publish","4":"format-standard","5":"has-post-thumbnail","7":"category-actualitat","8":"category-cultura"},"_links":{"self":[{"href":"https:\/\/areabadalona.com\/diario\/wp-json\/wp\/v2\/posts\/4186","targetHints":{"allow":["GET"]}}],"collection":[{"href":"https:\/\/areabadalona.com\/diario\/wp-json\/wp\/v2\/posts"}],"about":[{"href":"https:\/\/areabadalona.com\/diario\/wp-json\/wp\/v2\/types\/post"}],"author":[{"embeddable":true,"href":"https:\/\/areabadalona.com\/diario\/wp-json\/wp\/v2\/users\/2"}],"replies":[{"embeddable":true,"href":"https:\/\/areabadalona.com\/diario\/wp-json\/wp\/v2\/comments?post=4186"}],"version-history":[{"count":1,"href":"https:\/\/areabadalona.com\/diario\/wp-json\/wp\/v2\/posts\/4186\/revisions"}],"predecessor-version":[{"id":4188,"href":"https:\/\/areabadalona.com\/diario\/wp-json\/wp\/v2\/posts\/4186\/revisions\/4188"}],"wp:featuredmedia":[{"embeddable":true,"href":"https:\/\/areabadalona.com\/diario\/wp-json\/wp\/v2\/media\/4187"}],"wp:attachment":[{"href":"https:\/\/areabadalona.com\/diario\/wp-json\/wp\/v2\/media?parent=4186"}],"wp:term":[{"taxonomy":"category","embeddable":true,"href":"https:\/\/areabadalona.com\/diario\/wp-json\/wp\/v2\/categories?post=4186"},{"taxonomy":"post_tag","embeddable":true,"href":"https:\/\/areabadalona.com\/diario\/wp-json\/wp\/v2\/tags?post=4186"}],"curies":[{"name":"wp","href":"https:\/\/api.w.org\/{rel}","templated":true}]}}