{"id":4183,"date":"2022-10-13T11:00:35","date_gmt":"2022-10-13T11:00:35","guid":{"rendered":"https:\/\/areabadalona.com\/diario\/?p=4183"},"modified":"2022-10-13T11:00:37","modified_gmt":"2022-10-13T11:00:37","slug":"el-festival-48h-openhouse-bcn-torna-a-badalona-amb-una-programacio-centrada-a-reconeixer-els-oficis-com-un-element-central-de-larquitectura","status":"publish","type":"post","link":"https:\/\/areabadalona.com\/diario\/2022\/10\/13\/el-festival-48h-openhouse-bcn-torna-a-badalona-amb-una-programacio-centrada-a-reconeixer-els-oficis-com-un-element-central-de-larquitectura\/","title":{"rendered":"El festival 48h OpenHouse BCN torna a Badalona amb una programaci\u00f3 centrada a recon\u00e8ixer els oficis com un element  central de l\u2019arquitectura\u00a0"},"content":{"rendered":"\n<p>El festival 48h OpenHouse BCN torna a Badalona el cap de setmana del 22 i 23 d\u2019octubre. En la seva tretzena edici\u00f3, el festival posa el focus en els oficis com una manera de recon\u00e8ixer totes les disciplines i els professionals que fan de l\u2019arquitectura una pe\u00e7a col\u00b7laborativa i global. Aquest enfocament en all\u00f2 que est\u00e0 m\u00e9s enll\u00e0 de l\u2019edifici \u2013en els oficis, en els processos i en els elements\u2013 \u00e9s una manera d\u2019enderrocar barreres entre dissenyadors i artesans, entre usuaris i arquitectes. L\u2019objectiu \u00e9s reivindicar les persones que fan aquests treballs, generalment ocultes, i proposar als visitants una presa de consci\u00e8ncia sobre l\u2019arquitectura com una obra cocreada.&nbsp;<\/p>\n\n\n\n<p>En el cas de Badalona, durant el cap de setmana del festival es podran visitar de franc set edificis singulars i gaudir de dos itineraris per la ciutat amb el guiatge d\u2019experts. Entre els edificis destaca Ca l\u2019Amig\u00f3, un cuidat edifici modernista, i el seu jard\u00ed recuperat l\u2019any passat com a espai p\u00fablic, ja que es tracta d\u2019un lloc on els oficis tradicionals s\u00f3n ressaltats per les noves maneres de fer. L\u2019oferta es completa amb el Centre Sant Jaume, el dip\u00f2sit d\u2019aig\u00fces pluvials L\u2019Estrella, l\u2019edifici El Viver, el monestir de Sant Jeroni de la Murtra, la Casa de l\u2019Heura i la Casa dels Dofins i el Museu de Badalona. &nbsp;<\/p>\n\n\n\n<p>Pel que fa als itineraris, hi ha dues propostes: l\u2019itinerari de Canyad\u00f3 a La Rambla, a c\u00e0rrec de Margarida Arbras, directora del Museu de Badalona; i l\u2019itinerari per la nova fa\u00e7ana mar\u00edtima, que comptar\u00e0 amb el guiatge de l\u2019arquitecte Xavier Salv\u00e0. &nbsp;<\/p>\n\n\n\n<p>L\u2019oferta d\u2019enguany reflecteix que Badalona \u00e9s una ciutat polic\u00e8ntrica, per\u00f2 que al seu cor \u00e9s on s\u2019enllacen les art\u00e8ries vertebradores de la ciutat: des del primer tra\u00e7at del cardus i del decumanus de Baetulo, passant per l\u2019enclavament medieval de Dalt la Vila i el guany de terres a Baix a Mar, fins a l\u2019arribada del ferrocarril i la industrialitzaci\u00f3 fins a la pla\u00e7a de Pompeu Fabra i el futur intercanviador. La programaci\u00f3 del festival permet con\u00e8ixer el seu vessant m\u00e9s tradicional, amb l\u2019itinerari de badius i cases de costa, o les noves apostes per millorar en sostenibilitat i l\u2019efici\u00e8ncia energ\u00e8tica que presenta el Centre Sant Jaume, entre altres propostes repartides per tota la ciutat.&nbsp;<\/p>\n\n\n\n<p>Podeu consultar tota la programaci\u00f3 i horaris del festival a Badalona en la p\u00e0gina web <a href=\"https:\/\/www.48hopenhousebarcelona.org\/badalona\/\">https:\/\/www.48hopenhousebarcelona.org\/badalona\/<\/a>. &nbsp;<\/p>\n","protected":false},"excerpt":{"rendered":"<p>El festival 48h OpenHouse BCN torna a Badalona el cap de setmana del 22 i 23 d\u2019octubre. En la seva tretzena edici\u00f3, el festival posa el focus en els oficis com una manera de recon\u00e8ixer totes les disciplines i els professionals que fan de l\u2019arquitectura una pe\u00e7a col\u00b7laborativa i global. Aquest enfocament en all\u00f2 que [&hellip;]<\/p>\n","protected":false},"author":2,"featured_media":4184,"comment_status":"open","ping_status":"open","sticky":false,"template":"","format":"standard","meta":{"footnotes":""},"categories":[23],"tags":[],"class_list":{"0":"post-4183","1":"post","2":"type-post","3":"status-publish","4":"format-standard","5":"has-post-thumbnail","7":"category-actualitat"},"_links":{"self":[{"href":"https:\/\/areabadalona.com\/diario\/wp-json\/wp\/v2\/posts\/4183","targetHints":{"allow":["GET"]}}],"collection":[{"href":"https:\/\/areabadalona.com\/diario\/wp-json\/wp\/v2\/posts"}],"about":[{"href":"https:\/\/areabadalona.com\/diario\/wp-json\/wp\/v2\/types\/post"}],"author":[{"embeddable":true,"href":"https:\/\/areabadalona.com\/diario\/wp-json\/wp\/v2\/users\/2"}],"replies":[{"embeddable":true,"href":"https:\/\/areabadalona.com\/diario\/wp-json\/wp\/v2\/comments?post=4183"}],"version-history":[{"count":1,"href":"https:\/\/areabadalona.com\/diario\/wp-json\/wp\/v2\/posts\/4183\/revisions"}],"predecessor-version":[{"id":4185,"href":"https:\/\/areabadalona.com\/diario\/wp-json\/wp\/v2\/posts\/4183\/revisions\/4185"}],"wp:featuredmedia":[{"embeddable":true,"href":"https:\/\/areabadalona.com\/diario\/wp-json\/wp\/v2\/media\/4184"}],"wp:attachment":[{"href":"https:\/\/areabadalona.com\/diario\/wp-json\/wp\/v2\/media?parent=4183"}],"wp:term":[{"taxonomy":"category","embeddable":true,"href":"https:\/\/areabadalona.com\/diario\/wp-json\/wp\/v2\/categories?post=4183"},{"taxonomy":"post_tag","embeddable":true,"href":"https:\/\/areabadalona.com\/diario\/wp-json\/wp\/v2\/tags?post=4183"}],"curies":[{"name":"wp","href":"https:\/\/api.w.org\/{rel}","templated":true}]}}