{"id":4180,"date":"2022-10-13T10:56:31","date_gmt":"2022-10-13T10:56:31","guid":{"rendered":"https:\/\/areabadalona.com\/diario\/?p=4180"},"modified":"2022-10-13T10:56:33","modified_gmt":"2022-10-13T10:56:33","slug":"matinal-de-fitness-contra-el-cancer-de-mama-dissabte-15-doctubre-a-la-placa-de-la-plana","status":"publish","type":"post","link":"https:\/\/areabadalona.com\/diario\/2022\/10\/13\/matinal-de-fitness-contra-el-cancer-de-mama-dissabte-15-doctubre-a-la-placa-de-la-plana\/","title":{"rendered":"Matinal de fitness Contra el C\u00e0ncer de Mama  dissabte 15 d\u2019octubre a la pla\u00e7a de la Plana\u00a0"},"content":{"rendered":"\n<p>L\u2019Associaci\u00f3 Contra el C\u00e0ncer a Badalona impulsa la Matinal de fitness Contra el C\u00e0ncer de Mama que tindr\u00e0 lloc a la pla\u00e7a de la Plana aquest dissabte 15 d\u2019octubre a partir de les 10 del mat\u00ed. L\u2019activitat, que compta amb la col\u00b7laboraci\u00f3 de l\u2019Ajuntament de Badalona, est\u00e0 dirigida a tots els p\u00fablics amb l\u2019objectiu de conscienciar i col\u00b7laborar amb la investigaci\u00f3 contra la malaltia.&nbsp;<\/p>\n\n\n\n<p>Es tracta d&#8217;una activitat l\u00fadica i de sensibilitzaci\u00f3 on la recaptaci\u00f3 de les inscripcions de 5 euros per participant anir\u00e0 destinada als projectes socials de l&#8217;Associaci\u00f3 i a la investigaci\u00f3. &nbsp;<\/p>\n\n\n\n<p><strong>Programa d\u2019activitats<\/strong>:&nbsp;<\/p>\n\n\n\n<p>10 hores. <em>Body balance<\/em>, amb <strong>Duet Sports<\/strong>&nbsp;<\/p>\n\n\n\n<p>11 hores. <em>Zumba<\/em>, amb <strong>Soho Fit Badalona<\/strong>&nbsp;<\/p>\n\n\n\n<p>12 hores. <em>Dona\u2019m dance<\/em>, amb <strong>Dona Fitness BDN<\/strong>&nbsp;<\/p>\n\n\n\n<p>Les inscripcions es poden fer en l\u00ednia, des d&#8217;aquest enlla\u00e7:&nbsp; <a href=\"https:\/\/enmarcha.contraelcancer.es\/ca\/esdeveniment\/matinal-fitness-badalona\">https:\/\/enmarcha.contraelcancer.es\/ca\/esdeveniment\/matinal-fitness-badalona<\/a> i presencialment el mateix dia de l\u2019activitat a la pla\u00e7a de la Plana.&nbsp;<\/p>\n\n\n\n<p>La 4a tinenta d\u2019alcaldia i regidora de l&#8217;\u00c0mbit de Territori, Habitatge, Esports i Salut de l\u2019Ajuntament de Badalona, Teresa Gonz\u00e1lez, ha fet una crida a la participaci\u00f3: \u201ctothom pot col\u00b7laborar amb aquesta causa, ja sigui activament, fent exercici d\u2019una manera entretinguda i divertida, ja sigui ajudant econ\u00f2micament. Estic conven\u00e7uda que, una vegada m\u00e9s, demostrarem que Badalona \u00e9s una ciutat esportiva i solid\u00e0ria i dissabte omplirem la pla\u00e7a de la Plana, farem costat perqu\u00e8 darrera hi ha una gran causa i l&#8217;esfor\u00e7 solidari de molta gent que faran possible aquesta activitat\u201d.&nbsp;<\/p>\n\n\n\n<p><strong>30.000 nous casos&nbsp;<\/strong><\/p>\n\n\n\n<p>L\u2019any 2021 a Espanya va haver-hi 34.353 nous casos de c\u00e0ncer de mama (estadis I al IV), tot i que la taxa de superviv\u00e8ncia \u00e9s superior al 85% es produeixen 6.000 defuncions a l\u2019any. Aproximadament entre el 5 i el 6% dels diagn\u00f2stics de c\u00e0ncer de mama s\u00f3n metast\u00e0sics (estadi IV). S\u2019estima que el 30% de les pacients diagnosticades en estadis I, II i III desenvoluparan met\u00e0stasi amb el temps. La taxa de superviv\u00e8ncia del c\u00e0ncer de mama metast\u00e0sic se situa entorn del 25% per la qual cosa \u00e9s imprescindible aprofundir en la investigaci\u00f3. L\u2019Associaci\u00f3 Contra el C\u00e0ncer destina m\u00e9s de 17 M\u20ac a investigar el c\u00e0ncer de mama, incidint especialment en el c\u00e0ncer de mama metast\u00e0sic.&nbsp;<\/p>\n","protected":false},"excerpt":{"rendered":"<p>L\u2019Associaci\u00f3 Contra el C\u00e0ncer a Badalona impulsa la Matinal de fitness Contra el C\u00e0ncer de Mama que tindr\u00e0 lloc a la pla\u00e7a de la Plana aquest dissabte 15 d\u2019octubre a partir de les 10 del mat\u00ed. L\u2019activitat, que compta amb la col\u00b7laboraci\u00f3 de l\u2019Ajuntament de Badalona, est\u00e0 dirigida a tots els p\u00fablics amb l\u2019objectiu de [&hellip;]<\/p>\n","protected":false},"author":2,"featured_media":4181,"comment_status":"open","ping_status":"open","sticky":false,"template":"","format":"standard","meta":{"footnotes":""},"categories":[23,26],"tags":[],"class_list":{"0":"post-4180","1":"post","2":"type-post","3":"status-publish","4":"format-standard","5":"has-post-thumbnail","7":"category-actualitat","8":"category-esports"},"_links":{"self":[{"href":"https:\/\/areabadalona.com\/diario\/wp-json\/wp\/v2\/posts\/4180","targetHints":{"allow":["GET"]}}],"collection":[{"href":"https:\/\/areabadalona.com\/diario\/wp-json\/wp\/v2\/posts"}],"about":[{"href":"https:\/\/areabadalona.com\/diario\/wp-json\/wp\/v2\/types\/post"}],"author":[{"embeddable":true,"href":"https:\/\/areabadalona.com\/diario\/wp-json\/wp\/v2\/users\/2"}],"replies":[{"embeddable":true,"href":"https:\/\/areabadalona.com\/diario\/wp-json\/wp\/v2\/comments?post=4180"}],"version-history":[{"count":1,"href":"https:\/\/areabadalona.com\/diario\/wp-json\/wp\/v2\/posts\/4180\/revisions"}],"predecessor-version":[{"id":4182,"href":"https:\/\/areabadalona.com\/diario\/wp-json\/wp\/v2\/posts\/4180\/revisions\/4182"}],"wp:featuredmedia":[{"embeddable":true,"href":"https:\/\/areabadalona.com\/diario\/wp-json\/wp\/v2\/media\/4181"}],"wp:attachment":[{"href":"https:\/\/areabadalona.com\/diario\/wp-json\/wp\/v2\/media?parent=4180"}],"wp:term":[{"taxonomy":"category","embeddable":true,"href":"https:\/\/areabadalona.com\/diario\/wp-json\/wp\/v2\/categories?post=4180"},{"taxonomy":"post_tag","embeddable":true,"href":"https:\/\/areabadalona.com\/diario\/wp-json\/wp\/v2\/tags?post=4180"}],"curies":[{"name":"wp","href":"https:\/\/api.w.org\/{rel}","templated":true}]}}