{"id":4065,"date":"2022-09-13T10:33:00","date_gmt":"2022-09-13T10:33:00","guid":{"rendered":"https:\/\/areabadalona.com\/diario\/?p=4065"},"modified":"2022-09-15T10:34:08","modified_gmt":"2022-09-15T10:34:08","slug":"la-guardia-urbana-de-badalona-comptara-amb-la-unitat-domus-especifica-per-a-combatre-les-ocupacions-il%c2%b7legals","status":"publish","type":"post","link":"https:\/\/areabadalona.com\/diario\/2022\/09\/13\/la-guardia-urbana-de-badalona-comptara-amb-la-unitat-domus-especifica-per-a-combatre-les-ocupacions-il%c2%b7legals\/","title":{"rendered":"La Gu\u00e0rdia Urbana de Badalona comptar\u00e0 amb la Unitat Domus  espec\u00edfica per a combatre les ocupacions il\u00b7legals\u00a0"},"content":{"rendered":"\n<p>La Gu\u00e0rdia Urbana de Badalona disposar\u00e0 d\u2019una unitat espec\u00edfica de lluita contra l\u2019ocupaci\u00f3, aix\u00ed ho ha anunciat aquesta tarda l\u2019alcalde de Badalona, Rub\u00e9n Guijarro, en declaracions fetes al programa Badalona Tres60 de Televisi\u00f3 de Badalona.&nbsp;<\/p>\n\n\n\n<p>La Unitat Domus, que \u00e9s el nom espec\u00edfic amb el qual es coneixer\u00e0, estar\u00e0 formada per vuit agents i estar\u00e0 operativa al llarg del pr\u00f2xim mes de novembre, i segons ha avan\u00e7at l\u2019alcalde, tindr\u00e0 entre les seves funcions la prevenci\u00f3, la detecci\u00f3 i la intervenci\u00f3 en casos d\u2019ocupaci\u00f3 il\u00b7legals d\u2019immobles. Aix\u00ed mateix, tamb\u00e9 prestar\u00e0 assessorament a les persones que pateixin directament o indirecta les conseq\u00fc\u00e8ncies de l\u2019ocupaci\u00f3.&nbsp;<\/p>\n\n\n\n<p>Per a fer aquests treballs els agents estaran en contacte permanent amb la ciutadania i amb els propietaris dels pisos, aix\u00ed com amb grans tenidors i fons immobiliaris. Igualment, operaran de manera coordinada amb els departaments municipals amb responsabilitats en aquesta mat\u00e8ria com ara Disciplina urban\u00edstica, Estad\u00edstica, Conviv\u00e8ncia i Serveis socials, per tal de prestar un servei integral, aix\u00ed com altres institucions i cossos policials com els Mossos d\u2019Esquadra.&nbsp;<\/p>\n\n\n\n<p>Segons les darreres dades aportades pel conseller del Departament d\u2019Interior de la Generalitat de Catalunya, Joan Ignasi Elena, a la Mesa del Parlament el passat 15 de juliol, el nombre de den\u00fancies rebudes pel Cos de Mossos d&#8217;Esquadra per usurpaci\u00f3 i ocupaci\u00f3 d&#8217;immobles durant l\u2019any 2021 van ser de 7322 en el conjunt de Catalunya, de les quals 577 corresponen a Badalona. Amb aquestes dades, nom\u00e9s la ciutat de Barcelona va superar Badalona en el nombre de den\u00fancies per ocupacions.&nbsp;<\/p>\n\n\n\n<p>En el mateix programa de Televisi\u00f3 de Badalona, l\u2019alcalde tamb\u00e9 ha anunciat que es posar\u00e0 al servei de la ciutadania un tel\u00e8fon exclusiu per atendre aquests casos. Rub\u00e9n Guijarro ha afegit que: \u201cla seguretat \u00e9s una prioritat d\u2019aquest Govern municipal i \u00e9s evident que les ocupacions il\u00b7legals, i les dades en aquest sentit s\u00f3n molt preocupants, generen inquietud i inseguretat entre la ciutadania. Amb aquesta nova unitat de la Gu\u00e0rdia Urbana podrem oferir un servei integral i m\u00e9s proper als ve\u00efns i les ve\u00efnes amb l\u2019objectiu de combatre millor aquest greu problema\u201d.&nbsp;<\/p>\n","protected":false},"excerpt":{"rendered":"<p>La Gu\u00e0rdia Urbana de Badalona disposar\u00e0 d\u2019una unitat espec\u00edfica de lluita contra l\u2019ocupaci\u00f3, aix\u00ed ho ha anunciat aquesta tarda l\u2019alcalde de Badalona, Rub\u00e9n Guijarro, en declaracions fetes al programa Badalona Tres60 de Televisi\u00f3 de Badalona.&nbsp; La Unitat Domus, que \u00e9s el nom espec\u00edfic amb el qual es coneixer\u00e0, estar\u00e0 formada per vuit agents i estar\u00e0 [&hellip;]<\/p>\n","protected":false},"author":2,"featured_media":4066,"comment_status":"open","ping_status":"open","sticky":false,"template":"","format":"standard","meta":{"footnotes":""},"categories":[23,24],"tags":[],"class_list":{"0":"post-4065","1":"post","2":"type-post","3":"status-publish","4":"format-standard","5":"has-post-thumbnail","7":"category-actualitat","8":"category-societat"},"_links":{"self":[{"href":"https:\/\/areabadalona.com\/diario\/wp-json\/wp\/v2\/posts\/4065","targetHints":{"allow":["GET"]}}],"collection":[{"href":"https:\/\/areabadalona.com\/diario\/wp-json\/wp\/v2\/posts"}],"about":[{"href":"https:\/\/areabadalona.com\/diario\/wp-json\/wp\/v2\/types\/post"}],"author":[{"embeddable":true,"href":"https:\/\/areabadalona.com\/diario\/wp-json\/wp\/v2\/users\/2"}],"replies":[{"embeddable":true,"href":"https:\/\/areabadalona.com\/diario\/wp-json\/wp\/v2\/comments?post=4065"}],"version-history":[{"count":1,"href":"https:\/\/areabadalona.com\/diario\/wp-json\/wp\/v2\/posts\/4065\/revisions"}],"predecessor-version":[{"id":4067,"href":"https:\/\/areabadalona.com\/diario\/wp-json\/wp\/v2\/posts\/4065\/revisions\/4067"}],"wp:featuredmedia":[{"embeddable":true,"href":"https:\/\/areabadalona.com\/diario\/wp-json\/wp\/v2\/media\/4066"}],"wp:attachment":[{"href":"https:\/\/areabadalona.com\/diario\/wp-json\/wp\/v2\/media?parent=4065"}],"wp:term":[{"taxonomy":"category","embeddable":true,"href":"https:\/\/areabadalona.com\/diario\/wp-json\/wp\/v2\/categories?post=4065"},{"taxonomy":"post_tag","embeddable":true,"href":"https:\/\/areabadalona.com\/diario\/wp-json\/wp\/v2\/tags?post=4065"}],"curies":[{"name":"wp","href":"https:\/\/api.w.org\/{rel}","templated":true}]}}