{"id":4059,"date":"2022-09-15T09:42:29","date_gmt":"2022-09-15T09:42:29","guid":{"rendered":"https:\/\/areabadalona.com\/diario\/?p=4059"},"modified":"2022-09-15T09:42:30","modified_gmt":"2022-09-15T09:42:30","slug":"badalona-celebra-del-16-al-22-de-setembre-la-setmana-europea-de-la-mobilitat-que-enguany-posa-laccent-en-la-intermodalitat-i-anima-la-ciutadania-a-moures-de-manera-sostenible","status":"publish","type":"post","link":"https:\/\/areabadalona.com\/diario\/2022\/09\/15\/badalona-celebra-del-16-al-22-de-setembre-la-setmana-europea-de-la-mobilitat-que-enguany-posa-laccent-en-la-intermodalitat-i-anima-la-ciutadania-a-moures-de-manera-sostenible\/","title":{"rendered":"Badalona celebra del 16 al 22 de setembre la Setmana Europea de la  Mobilitat que enguany posa l\u2019accent en la intermodalitat i anima la ciutadania a  moure\u2019s de manera sostenible\u00a0"},"content":{"rendered":"\n<p>Badalona s\u2019afegeix un any m\u00e9s a la Setmana Europea de la Mobilitat que tindr\u00e0 lloc del 16 al 22 de setembre amb l\u2019objectiu de promoure mitjans de transport i h\u00e0bits m\u00e9s sostenibles, segurs i saludables. Enguany la setmana se celebra a tota Catalunya amb el lema \u2018Combina i mou-te\u2019 i posa l\u2019accent en la intermodalitat i anima la ciutadania a moure\u2019s de manera sostenible per beneficiar la nostra salut i el medi ambient.&nbsp;<\/p>\n\n\n\n<p>En el marc de la Setmana de la Mobilitat, a Badalona es duran a terme diverses activitats a l\u2019aire lliure entre d\u2019altres:&nbsp;<\/p>\n\n\n\n<p><strong>Divendres 16 de setembre:&nbsp;<\/strong><\/p>\n\n\n\n<p>Teatre Margarida Xirgu:&nbsp;<\/p>\n\n\n\n<p>El Teatre Margarida Xirgu acollir\u00e0 a les 18 hores l\u2019espectacle <em><u>Mi ciudad: educar para el futuro<\/u>, <\/em>a c\u00e0rrec la companyia de teatre Katua&amp;Galea &nbsp;<\/p>\n\n\n\n<p><strong>Dissabte 17 de setembre:&nbsp;<\/strong><\/p>\n\n\n\n<p>Dia Sense Cotxes:&nbsp;<\/p>\n\n\n\n<p>El Dia sense Cotxes \u00e9s un dia internacional que t\u00e9 per objectiu posar de manifest la necessitat de reduir la pres\u00e8ncia dels vehicles contaminants a la ciutat per tal de disminuir la contaminaci\u00f3 ambiental, tant de l\u2019aire com de soroll, i millorar la qualitat de vida de tothom, a la vegada que es recuperen els carrers com espais de gaudi per a la ciutadania.&nbsp;<\/p>\n\n\n\n<p>A Badalona se celebrar\u00e0 el dia sense cotxes als carrers Enric Borr\u00e0s i Pau Piferrer el dia 17 de setembre entre les 10 i les 18 hores. Durant aquest temps, les entitats desenvoluparan activitats educatives, culturals, infantils, musicals i participatives. Concretament, hi haur\u00e0 actuacions musicals i d\u2019animaci\u00f3, es projectaran documentals sobre la mobilitat sostenible, es presentaran projectes de ciutat, i hi haur\u00e0 tallers de dibuix i de fotografia. L\u2019esdeveniment comptar\u00e0 amb aparcament vigilat per a bicicletes.&nbsp;<\/p>\n\n\n\n<p>Al llarg del dia, a la carpa del Departament de Mobilitat de l\u2019Ajuntament de Badalona, que estar\u00e0 ubicada al carrer Enric Borr\u00e0s, es realitzar\u00e0 la presentaci\u00f3 de la Diagnosi del Pla de Mobilitat Urbana 2023 \u2013 2028 de Badalona. Es faran quatre sessions, dues al mat\u00ed (a les 10.30 i &nbsp;les 12.30 hores) i dues a la tarda (a les 17 i 18 hores).&nbsp;<\/p>\n\n\n\n<p>Circuit de tr\u00e0nsit&nbsp;<\/p>\n\n\n\n<p>El mateix dissabte, entre les 10 i les 18 hores, a la pla\u00e7a de la Plana el Servei Catal\u00e0 de Tr\u00e0nsit instal\u00b7lar\u00e0 un circuit de tr\u00e0nsit per a infants amb monitors d\u2019educaci\u00f3 vi\u00e0ria.&nbsp;<\/p>\n\n\n\n<p><strong>Diumenge 18 de setembre:&nbsp;<\/strong><\/p>\n\n\n\n<p>Pedalada&nbsp;<\/p>\n\n\n\n<p>Diumenge al mat\u00ed es dur\u00e0 a terme una pedalada popular que tindr\u00e0 sortida i arribada al Parc de Can Bada. La trobada per iniciar el recorregut es far\u00e0 al mateix parc a les 10.30 hores amb la previsi\u00f3 de sortir a les 11 hores i tornar al mateix lloc al voltant de les 13 hores, com a m\u00e0xim. Durant el trajecte de la bicicletada es faran activitats al parc de Can Bada per a les fam\u00edlies que no pedalegin. En aquest mateix indret, en finalitzar el recorregut en bicicleta, es faran els parlaments de la jornada.&nbsp;<\/p>\n\n\n\n<p><strong>Dilluns 19 de setembre:&nbsp;<\/strong><\/p>\n\n\n\n<p>Confer\u00e8ncia sobre les zones de baixes emissions&nbsp;<\/p>\n\n\n\n<p>La sala de premsa de l\u2019edifici El Viver acollir\u00e0 a les 19 hores una xerrada sobre les zones de baixes emissions i la seva aplicaci\u00f3 a les ciutats. &nbsp;<\/p>\n\n\n\n<p><strong>Dimarts 20 de setembre:&nbsp;<\/strong><\/p>\n\n\n\n<p>Confer\u00e8ncia sobre la mobilitat al campus de Can Ruti&nbsp;<\/p>\n\n\n\n<p>La sala de premsa de l\u2019edifici El Viver acollir\u00e0 a les 19 hores una xerrada sobre el funcionament i les possibles millores de la mobilitat al campus de Can Ruti.&nbsp;<\/p>\n\n\n\n<p><strong>Dimecres 21 de setembre:&nbsp;<\/strong><\/p>\n\n\n\n<p>Confer\u00e8ncia sobre la transformaci\u00f3 de l\u2019autopista C-31&nbsp;<\/p>\n\n\n\n<p>La sala de premsa de l\u2019edifici El Viver acollir\u00e0 a les 19 hores la xerrada \u201cTransformem la C-31, una visi\u00f3 transversal\u201d,un espai per abordar els possibles canvis d\u2019aquesta via. &nbsp;<\/p>\n\n\n\n<p><strong>Dijous 22 de setembre:&nbsp;<\/strong><\/p>\n\n\n\n<p>Confer\u00e8ncia sobre la transformaci\u00f3 de la mobilitat als entorns escolars: situacions i experi\u00e8ncies&nbsp;<\/p>\n\n\n\n<p>La sala de premsa de l\u2019edifici El Viver acollir\u00e0 a les 19 hores la xerrada \u201cLa mobilitat als entorns escolars: situaci\u00f3 i experi\u00e8ncies\u201d per tractar els reptes de futur mitjan\u00e7ant la comparaci\u00f3 de diferents casos. &nbsp;<\/p>\n\n\n\n<p>A m\u00e9s, durant el dijous 22 el carrer del Temple quedar\u00e0 tallat a la circulaci\u00f3 entre les 15 i les 18.30 hores per dur a terme diverses activitats organitzades per l\u2019Associaci\u00f3 de Ve\u00efns de Dalt la Vila.&nbsp;<\/p>\n\n\n\n<p>La regidora de l\u2019\u00c0rea de Mobilitat, Anna Maria Lara, ha explicat que \u201cBadalona s&#8217;afegeix a La Setmana Europea de la Mobilitat per afavorir la creaci\u00f3 d\u2019un espai on poder conscienciar-nos, debatre i abordar els reptes existents al voltant del nostre model de mobilitat, tenint present la import\u00e0ncia de la sostenibilitat, la seguretat i el respecte pel medi ambient\u201d. La regidora ha destacat que \u201cenguany valorem molt positivament reprendre totes les activitats que no es van poder fer a causa de la pand\u00e8mia i animo a tota la ciutadania a participar-hi\u201d. &nbsp;<\/p>\n","protected":false},"excerpt":{"rendered":"<p>Badalona s\u2019afegeix un any m\u00e9s a la Setmana Europea de la Mobilitat que tindr\u00e0 lloc del 16 al 22 de setembre amb l\u2019objectiu de promoure mitjans de transport i h\u00e0bits m\u00e9s sostenibles, segurs i saludables. Enguany la setmana se celebra a tota Catalunya amb el lema \u2018Combina i mou-te\u2019 i posa l\u2019accent en la intermodalitat [&hellip;]<\/p>\n","protected":false},"author":2,"featured_media":4060,"comment_status":"open","ping_status":"open","sticky":false,"template":"","format":"standard","meta":{"footnotes":""},"categories":[23],"tags":[],"class_list":{"0":"post-4059","1":"post","2":"type-post","3":"status-publish","4":"format-standard","5":"has-post-thumbnail","7":"category-actualitat"},"_links":{"self":[{"href":"https:\/\/areabadalona.com\/diario\/wp-json\/wp\/v2\/posts\/4059","targetHints":{"allow":["GET"]}}],"collection":[{"href":"https:\/\/areabadalona.com\/diario\/wp-json\/wp\/v2\/posts"}],"about":[{"href":"https:\/\/areabadalona.com\/diario\/wp-json\/wp\/v2\/types\/post"}],"author":[{"embeddable":true,"href":"https:\/\/areabadalona.com\/diario\/wp-json\/wp\/v2\/users\/2"}],"replies":[{"embeddable":true,"href":"https:\/\/areabadalona.com\/diario\/wp-json\/wp\/v2\/comments?post=4059"}],"version-history":[{"count":1,"href":"https:\/\/areabadalona.com\/diario\/wp-json\/wp\/v2\/posts\/4059\/revisions"}],"predecessor-version":[{"id":4061,"href":"https:\/\/areabadalona.com\/diario\/wp-json\/wp\/v2\/posts\/4059\/revisions\/4061"}],"wp:featuredmedia":[{"embeddable":true,"href":"https:\/\/areabadalona.com\/diario\/wp-json\/wp\/v2\/media\/4060"}],"wp:attachment":[{"href":"https:\/\/areabadalona.com\/diario\/wp-json\/wp\/v2\/media?parent=4059"}],"wp:term":[{"taxonomy":"category","embeddable":true,"href":"https:\/\/areabadalona.com\/diario\/wp-json\/wp\/v2\/categories?post=4059"},{"taxonomy":"post_tag","embeddable":true,"href":"https:\/\/areabadalona.com\/diario\/wp-json\/wp\/v2\/tags?post=4059"}],"curies":[{"name":"wp","href":"https:\/\/api.w.org\/{rel}","templated":true}]}}