{"id":4056,"date":"2022-09-15T09:30:38","date_gmt":"2022-09-15T09:30:38","guid":{"rendered":"https:\/\/areabadalona.com\/diario\/?p=4056"},"modified":"2022-09-15T09:30:39","modified_gmt":"2022-09-15T09:30:39","slug":"els-veterans-del-club-joventut-badalona-i-del-basquet-fcb-jugaran-aquest-dissabte-a-la-plana-un-partit-benefic-a-favor-de-la-fundacio-badalona-contra-el-cancer","status":"publish","type":"post","link":"https:\/\/areabadalona.com\/diario\/2022\/09\/15\/els-veterans-del-club-joventut-badalona-i-del-basquet-fcb-jugaran-aquest-dissabte-a-la-plana-un-partit-benefic-a-favor-de-la-fundacio-badalona-contra-el-cancer\/","title":{"rendered":"Els veterans del Club Joventut Badalona i del b\u00e0squet FCB jugaran aquest dissabte a La Plana un partit ben\u00e8fic a favor de la Fundaci\u00f3 Badalona contra el C\u00e0ncer"},"content":{"rendered":"\n<p>Aquest dissabte 17 de setembre a les 18 hores, el Pavell\u00f3 Municipal La Plana acollir\u00e0 un partit de b\u00e0squet ben\u00e8fic a favor de la Fundaci\u00f3 Badalona contra el C\u00e0ncer que enfrontar\u00e0 els veterans del Club Joventut Badalona i veterans b\u00e0squet FCB. L\u2019enfrontament reunir\u00e0 antics jugadors de la Penya i del Bar\u00e7a com Jordi Llorens, Dani P\u00e9rez, Ivan Corrales, Carles Marco, Jos\u00e9 Luis Galilea o Erazem Lorbek.&nbsp; &nbsp;<\/p>\n\n\n\n<p>Les entrades es podran comprar el mateix dia del partit al pavell\u00f3 o de manera anticipada al carrer Germ\u00e0 Bernab\u00e9, 2, de dimarts a divendres entre les 16 i les 20 hores. El preu \u00e9s de 10 euros que es donaran \u00edntegrament a la Fundaci\u00f3 Badalona contra el C\u00e0ncer. Tamb\u00e9 es pot fer un donatiu de fila 0 fent un ingr\u00e9s al compte 2100-0186-52-0200655380.&nbsp;<\/p>\n\n\n\n<p>L\u2019acte de presentaci\u00f3 del partit s\u2019ha fet aquest dimarts al mat\u00ed a la sala de premsa de l\u2019edifici El Viver i ha comptat amb la pres\u00e8ncia de l\u2019alcalde de Badalona, Rub\u00e9n Guijarro, la 4a tinenta d\u2019Alcaldia i regidora de l\u2019\u00c0mbit de Territori, Habitatge, Esports i Salut, Teresa Gonz\u00e1lez; el president i la presidenta de la Fundaci\u00f3 Badalona Contra el C\u00e0ncer, Miquel Carreras i Marisa Serra. Tamb\u00e9 han assistit Rafa Jofresa, en representaci\u00f3 dels veterans del Club Joventut Badalona, i el president dels veterans b\u00e0squet FCB, Pedro Ansa.&nbsp;<\/p>\n\n\n\n<p>Durant l\u2019acte, l\u2019alcalde Rub\u00e9n Guijarro ha agra\u00eft a la Fundaci\u00f3 Badalona contra el C\u00e0ncer i als veterans del Joventut i el Bar\u00e7a la seva implicaci\u00f3 per tirar endavant aquest esdeveniment i ha destacat \u201cel paper d\u2019en Miquel Carreras i la Marisa Serra al capdavant de la Fundaci\u00f3, ja que s\u00f3n un exponent de lluita i comprom\u00eds i el millor exemple de la solidaritat que caracteritza la nostra ciutat\u201d. &nbsp;<\/p>\n\n\n\n<p>Per la seva part, la regidora Teresa Gonzalez ha transm\u00e8s als organitzadors \u201ctot el suport de l\u2019Ajuntament en aquesta iniciativa i tamb\u00e9 en aquells esdeveniments que es puguin impulsar en el futur, ja que una de les funcions fonamentals de les institucions \u00e9s donar suport a les iniciatives de les entitats que suposen una millora per a la societat\u201d. &nbsp;<\/p>\n\n\n\n<p>El president de la Fundaci\u00f3 Badalona contra el C\u00e0ncer, Miquel Carreras, ha explicat que \u201c\u00e9s molt bonic i il\u00b7lusionant reprendre l\u2019organitzaci\u00f3 d\u2019actes com aquest des de la Fundaci\u00f3 despr\u00e9s d\u2019uns anys en qu\u00e8 la salut i la pand\u00e8mia no ens han perm\u00e8s tirar endavant aquesta mena d\u2019iniciatives\u201d. Respecte al partit, Carreras ha assegurat que \u201cel resultat i quin equip s\u2019emporta la vict\u00f2ria no t\u00e9 gens d\u2019import\u00e0ncia, ja que en aquesta jornada qui guanya \u00e9s la lluita contra el c\u00e0ncer\u201d. &nbsp;<\/p>\n\n\n\n<p>El veter\u00e0 Rafa Jofresa ha reconegut que \u201caquesta mena de partits s\u00f3n molt emotius perqu\u00e8 desperten molts records en els exjugadors i permeten retrobar-se amb amics, companys i rivals\u201d. Pedro Ansa, per la seva part, ha afegit que \u201cen el partit de dissabte l\u2019emoci\u00f3 \u00e9s encara m\u00e9s gran, ja que a m\u00e9s de totes les coses positives dels partits de veterans, en aquest cas, col\u00b7laborem en una causa solid\u00e0ria i recaptem diners, que \u00e9s sens dubte el m\u00e9s important de la jornada\u201d. &nbsp;<\/p>\n","protected":false},"excerpt":{"rendered":"<p>Aquest dissabte 17 de setembre a les 18 hores, el Pavell\u00f3 Municipal La Plana acollir\u00e0 un partit de b\u00e0squet ben\u00e8fic a favor de la Fundaci\u00f3 Badalona contra el C\u00e0ncer que enfrontar\u00e0 els veterans del Club Joventut Badalona i veterans b\u00e0squet FCB. L\u2019enfrontament reunir\u00e0 antics jugadors de la Penya i del Bar\u00e7a com Jordi Llorens, Dani [&hellip;]<\/p>\n","protected":false},"author":2,"featured_media":4057,"comment_status":"open","ping_status":"open","sticky":false,"template":"","format":"standard","meta":{"footnotes":""},"categories":[26,24],"tags":[],"class_list":{"0":"post-4056","1":"post","2":"type-post","3":"status-publish","4":"format-standard","5":"has-post-thumbnail","7":"category-esports","8":"category-societat"},"_links":{"self":[{"href":"https:\/\/areabadalona.com\/diario\/wp-json\/wp\/v2\/posts\/4056","targetHints":{"allow":["GET"]}}],"collection":[{"href":"https:\/\/areabadalona.com\/diario\/wp-json\/wp\/v2\/posts"}],"about":[{"href":"https:\/\/areabadalona.com\/diario\/wp-json\/wp\/v2\/types\/post"}],"author":[{"embeddable":true,"href":"https:\/\/areabadalona.com\/diario\/wp-json\/wp\/v2\/users\/2"}],"replies":[{"embeddable":true,"href":"https:\/\/areabadalona.com\/diario\/wp-json\/wp\/v2\/comments?post=4056"}],"version-history":[{"count":1,"href":"https:\/\/areabadalona.com\/diario\/wp-json\/wp\/v2\/posts\/4056\/revisions"}],"predecessor-version":[{"id":4058,"href":"https:\/\/areabadalona.com\/diario\/wp-json\/wp\/v2\/posts\/4056\/revisions\/4058"}],"wp:featuredmedia":[{"embeddable":true,"href":"https:\/\/areabadalona.com\/diario\/wp-json\/wp\/v2\/media\/4057"}],"wp:attachment":[{"href":"https:\/\/areabadalona.com\/diario\/wp-json\/wp\/v2\/media?parent=4056"}],"wp:term":[{"taxonomy":"category","embeddable":true,"href":"https:\/\/areabadalona.com\/diario\/wp-json\/wp\/v2\/categories?post=4056"},{"taxonomy":"post_tag","embeddable":true,"href":"https:\/\/areabadalona.com\/diario\/wp-json\/wp\/v2\/tags?post=4056"}],"curies":[{"name":"wp","href":"https:\/\/api.w.org\/{rel}","templated":true}]}}