{"id":4053,"date":"2022-09-13T11:37:48","date_gmt":"2022-09-13T11:37:48","guid":{"rendered":"https:\/\/areabadalona.com\/diario\/?p=4053"},"modified":"2022-09-13T11:37:49","modified_gmt":"2022-09-13T11:37:49","slug":"badalona-es-el-municipi-amb-la-xarxa-local-descoles-verdes-que-mes-creix-aquest-curs-amb-la-incorporacio-de-quatre-nous-centres","status":"publish","type":"post","link":"https:\/\/areabadalona.com\/diario\/2022\/09\/13\/badalona-es-el-municipi-amb-la-xarxa-local-descoles-verdes-que-mes-creix-aquest-curs-amb-la-incorporacio-de-quatre-nous-centres\/","title":{"rendered":"Badalona \u00e9s el municipi amb la xarxa local d\u2019Escoles Verdes que  m\u00e9s creix aquest curs amb la incorporaci\u00f3 de quatre nous  centres\u00a0"},"content":{"rendered":"\n<p>La Xarxa d&#8217;Escoles de Badalona per a la Sostenibilitat (XES-Bdn), coordinada pel Departament d&#8217;Educaci\u00f3 Ambiental de l&#8217;Ajuntament de Badalona, incorporar\u00e0 a partir d&#8217;aquest curs 2022-23 quatre centres nous: l&#8217;Institut Escola Baldomer Sol\u00e0, l&#8217;Escola NJ Praga, l&#8217;Institut Pompeu Fabra i el Centre de Formaci\u00f3 d&#8217;Adults Morera Pomar. Aquests quatre centres rebran el seu distintiu d&#8217;Escola Verda despr\u00e9s d&#8217;haver completat una formaci\u00f3 de dos anys i desenvolupat un Pla d&#8217;Educaci\u00f3 per a Sostenibilitat que els hi marcar\u00e0 el cam\u00ed a seguir els anys vinents.&nbsp;<\/p>\n\n\n\n<p>Les Escoles Verdes s\u00f3n centres educatius que han pres el comprom\u00eds d&#8217;incorporar en el seu curr\u00edculum educatiu i en la gesti\u00f3 del centre el vessant de la sostenibilitat. Aquest comprom\u00eds es porta a terme amb el desenvolupament de diversos projectes ambientals en qu\u00e8 s&#8217;implica tota la comunitat educativa.&nbsp;<\/p>\n\n\n\n<p>El programa d&#8217;Escoles Verdes est\u00e0 impulsat per la Generalitat de Catalunya que \u00e9s qui atorga els distintius. Els centres de Badalona que obtenen aquesta acreditaci\u00f3 s&#8217;incorporen a la XES-Bdn per poder treballar en xarxa amb altres Escoles Verdes del municipi i facilitar la seva feina a trav\u00e9s de l&#8217;intercanvi d&#8217;experi\u00e8ncies, la formaci\u00f3 en temes ambientals i el treball en com\u00fa.&nbsp;<\/p>\n\n\n\n<p>Enguany, un total de 78 centres educatius rebran aquest distintiu arreu de Catalunya. D&#8217;aquests centres, 72 formaran part de la Xarxa d&#8217;Escoles Verdes de la Generalitat, dos s\u2019incorporaran a la xarxa local d\u2019Igualada i quatre a la XES-Badalona.&nbsp;<\/p>\n\n\n\n<p>Amb la incorporaci\u00f3 dels quatre centres nous a la XES-Bdn ja s\u00f3n 21 els centres educatius que Badalona que treballen per a incorporar els principis i els valors de la sostenibilitat en tots els \u00e0mbits de la vida escolar. A m\u00e9s, la xarxa de la ciutat \u00e9s una de les m\u00e9s diverses, ja que compta amb centres educatius de tota mena: des d&#8217;educaci\u00f3 infantil a prim\u00e0ria, secund\u00e0ria i batxillerat; aix\u00ed com cicles formatius, un centre d&#8217;educaci\u00f3 especial i un centre de formaci\u00f3 d&#8217;adults.&nbsp;<\/p>\n\n\n\n<p>La regidora de Medi Ambient i Sostenibilitat, Rosa Trenado, destaca que \u00aben el context de crisi clim\u00e0tica actual, \u00e9s de vital import\u00e0ncia conscienciar a la ciutadania per tenir una millor cura del planeta, ja que els nostres actes d&#8217;avui tenen una repercussi\u00f3 directa en el m\u00f3n que es trobaran dem\u00e0 les generacions futures\u00bb. Segons Trenado, \u00abl&#8217;educaci\u00f3 dels infants en la cultura de la sostenibilitat \u00e9s el primer pas per avan\u00e7ar en aquesta direcci\u00f3. Per aix\u00f2, el fet que el nombre d&#8217;Escoles Verdes creixi tant a Badalona \u00e9s un motiu d&#8217;orgull per a la nostra ciutat\u00bb.&nbsp;<\/p>\n\n\n\n<p>Per saber m\u00e9s sobre qui forma part de la Xarxa d&#8217;Escoles de Badalona per a la Sostenibilitat i qu\u00e8 fan les Escoles Verdes de la ciutat, es pot consultar el blog de la XES-Bdn: <a href=\"http:\/\/xarxaescolesbdnsostenibilitat.blogspot.com.es\/\">http:\/\/xarxaescolesbdnsostenibilitat.blogspot.com.es\/<\/a>. &nbsp;<\/p>\n","protected":false},"excerpt":{"rendered":"<p>La Xarxa d&#8217;Escoles de Badalona per a la Sostenibilitat (XES-Bdn), coordinada pel Departament d&#8217;Educaci\u00f3 Ambiental de l&#8217;Ajuntament de Badalona, incorporar\u00e0 a partir d&#8217;aquest curs 2022-23 quatre centres nous: l&#8217;Institut Escola Baldomer Sol\u00e0, l&#8217;Escola NJ Praga, l&#8217;Institut Pompeu Fabra i el Centre de Formaci\u00f3 d&#8217;Adults Morera Pomar. Aquests quatre centres rebran el seu distintiu d&#8217;Escola Verda [&hellip;]<\/p>\n","protected":false},"author":2,"featured_media":4054,"comment_status":"open","ping_status":"open","sticky":false,"template":"","format":"standard","meta":{"footnotes":""},"categories":[23],"tags":[],"class_list":{"0":"post-4053","1":"post","2":"type-post","3":"status-publish","4":"format-standard","5":"has-post-thumbnail","7":"category-actualitat"},"_links":{"self":[{"href":"https:\/\/areabadalona.com\/diario\/wp-json\/wp\/v2\/posts\/4053","targetHints":{"allow":["GET"]}}],"collection":[{"href":"https:\/\/areabadalona.com\/diario\/wp-json\/wp\/v2\/posts"}],"about":[{"href":"https:\/\/areabadalona.com\/diario\/wp-json\/wp\/v2\/types\/post"}],"author":[{"embeddable":true,"href":"https:\/\/areabadalona.com\/diario\/wp-json\/wp\/v2\/users\/2"}],"replies":[{"embeddable":true,"href":"https:\/\/areabadalona.com\/diario\/wp-json\/wp\/v2\/comments?post=4053"}],"version-history":[{"count":1,"href":"https:\/\/areabadalona.com\/diario\/wp-json\/wp\/v2\/posts\/4053\/revisions"}],"predecessor-version":[{"id":4055,"href":"https:\/\/areabadalona.com\/diario\/wp-json\/wp\/v2\/posts\/4053\/revisions\/4055"}],"wp:featuredmedia":[{"embeddable":true,"href":"https:\/\/areabadalona.com\/diario\/wp-json\/wp\/v2\/media\/4054"}],"wp:attachment":[{"href":"https:\/\/areabadalona.com\/diario\/wp-json\/wp\/v2\/media?parent=4053"}],"wp:term":[{"taxonomy":"category","embeddable":true,"href":"https:\/\/areabadalona.com\/diario\/wp-json\/wp\/v2\/categories?post=4053"},{"taxonomy":"post_tag","embeddable":true,"href":"https:\/\/areabadalona.com\/diario\/wp-json\/wp\/v2\/tags?post=4053"}],"curies":[{"name":"wp","href":"https:\/\/api.w.org\/{rel}","templated":true}]}}