{"id":4050,"date":"2022-09-12T11:23:00","date_gmt":"2022-09-12T11:23:00","guid":{"rendered":"https:\/\/areabadalona.com\/diario\/?p=4050"},"modified":"2022-09-13T11:24:51","modified_gmt":"2022-09-13T11:24:51","slug":"les-escoles-bressol-municipals-de-badalona-inicien-el-curs-amb-les-480-places-publiques-ocupades","status":"publish","type":"post","link":"https:\/\/areabadalona.com\/diario\/2022\/09\/12\/les-escoles-bressol-municipals-de-badalona-inicien-el-curs-amb-les-480-places-publiques-ocupades\/","title":{"rendered":"Les Escoles bressol municipals de Badalona inicien el curs amb les  480 places p\u00fabliques ocupades\u00a0"},"content":{"rendered":"\n<p>Les cinc Escoles Bressol Municipals de Badalona han comen\u00e7at aquest dilluns el curs escolar. Aquests centres disposen de 480 places p\u00fabliques que enguany han quedat totalment cobertes. El curs s&#8217;ha obert amb un per\u00edode d&#8217;adaptaci\u00f3 i familiaritzaci\u00f3 en qu\u00e8 els infants han d&#8217;anar acompanyats per familiars per facilitar el proc\u00e9s d&#8217;adaptaci\u00f3 al nou espai i a les noves mestres. Per afavorir aquest proc\u00e9s, que durar\u00e0 fins al pr\u00f2xim divendres 23 de setembre, s&#8217;han dissenyat dos torns per a l&#8217;adaptaci\u00f3.\u00a0<\/p>\n\n\n\n<p>La principal novetat d&#8217;aquest any \u00e9s l&#8217;escolaritzaci\u00f3 gratu\u00efta per a l&#8217;alumnat d&#8217;Infantil 2 de les escoles bressol p\u00fabliques, tant a les 5 municipals com a les 2 de la Generalitat. La gratu\u00eftat inclou l&#8217;escolaritzaci\u00f3 en l&#8217;horari habitual.&nbsp;<\/p>\n\n\n\n<p>A Badalona, s&#8217;han ofert un total de 351 places p\u00fabliques d&#8217;Infantil: 279 corresponents a les cinc Escoles Bressol Municipals i 72 a les escoles del Departament d&#8217;Educaci\u00f3 de la Generalitat.&nbsp;<\/p>\n\n\n\n<p>La 2a tinenta d\u2019alcaldia i regidora de l\u2019\u00c0mbit d\u2019Educaci\u00f3, A\u00efda Llaurad\u00f3, ha valorat que \u201cen aquest curs hi ha hagut un increment de la demanda d\u2019escoles bressol fet que ha propiciat l\u2019augment de la llista d\u2019espera, ja que, com en anys anteriors, totes les places p\u00fabliques han quedat ocupades\u201d. Davant aquesta situaci\u00f3, Llaurad\u00f3 ha anunciat que \u201cla regidoria d\u2019Educaci\u00f3 est\u00e0 posant en marxa la valoraci\u00f3 de la demanda educativa treballant amb dades per identificar quines necessitats t\u00e9 la ciutat en mat\u00e8ria de places p\u00fabliques\u201d. En aquest sentit, la regidoria ha posat en marxa la Comissi\u00f3 de Planificaci\u00f3 Escolar del Consell d\u2019Educaci\u00f3 Municipal, que es va convocar abans de final de curs. &nbsp;<\/p>\n\n\n\n<p>Llaurad\u00f3, ha destacat que \u201ctenim unes escoles bressol p\u00fabliques de qualitat amb un projecte educatiu innovador, unes bones infraestructures que permeten a l&#8217;infant desenvolupar-se i cr\u00e9ixer en un entorn de qualitat, alhora que molt bones professionals docents que acompanyen els infants i les fam\u00edlies en el proc\u00e9s de socialitzaci\u00f3 de l&#8217;etapa de zero a tres anys\u201d. A m\u00e9s d\u2019aix\u00f2, la regidora ha assegurat que \u201cAmb els canvis que ha posat en marxa la regidoria d\u2019Educaci\u00f3 aquest curs tamb\u00e9 es garanteix el 100% de la demanda de menjador i altres millores per a infants amb necessitats educatives espec\u00edfiques\u201d. &nbsp;<\/p>\n","protected":false},"excerpt":{"rendered":"<p>Les cinc Escoles Bressol Municipals de Badalona han comen\u00e7at aquest dilluns el curs escolar. Aquests centres disposen de 480 places p\u00fabliques que enguany han quedat totalment cobertes. El curs s&#8217;ha obert amb un per\u00edode d&#8217;adaptaci\u00f3 i familiaritzaci\u00f3 en qu\u00e8 els infants han d&#8217;anar acompanyats per familiars per facilitar el proc\u00e9s d&#8217;adaptaci\u00f3 al nou espai i [&hellip;]<\/p>\n","protected":false},"author":2,"featured_media":4051,"comment_status":"open","ping_status":"open","sticky":false,"template":"","format":"standard","meta":{"footnotes":""},"categories":[23],"tags":[],"class_list":{"0":"post-4050","1":"post","2":"type-post","3":"status-publish","4":"format-standard","5":"has-post-thumbnail","7":"category-actualitat"},"_links":{"self":[{"href":"https:\/\/areabadalona.com\/diario\/wp-json\/wp\/v2\/posts\/4050","targetHints":{"allow":["GET"]}}],"collection":[{"href":"https:\/\/areabadalona.com\/diario\/wp-json\/wp\/v2\/posts"}],"about":[{"href":"https:\/\/areabadalona.com\/diario\/wp-json\/wp\/v2\/types\/post"}],"author":[{"embeddable":true,"href":"https:\/\/areabadalona.com\/diario\/wp-json\/wp\/v2\/users\/2"}],"replies":[{"embeddable":true,"href":"https:\/\/areabadalona.com\/diario\/wp-json\/wp\/v2\/comments?post=4050"}],"version-history":[{"count":1,"href":"https:\/\/areabadalona.com\/diario\/wp-json\/wp\/v2\/posts\/4050\/revisions"}],"predecessor-version":[{"id":4052,"href":"https:\/\/areabadalona.com\/diario\/wp-json\/wp\/v2\/posts\/4050\/revisions\/4052"}],"wp:featuredmedia":[{"embeddable":true,"href":"https:\/\/areabadalona.com\/diario\/wp-json\/wp\/v2\/media\/4051"}],"wp:attachment":[{"href":"https:\/\/areabadalona.com\/diario\/wp-json\/wp\/v2\/media?parent=4050"}],"wp:term":[{"taxonomy":"category","embeddable":true,"href":"https:\/\/areabadalona.com\/diario\/wp-json\/wp\/v2\/categories?post=4050"},{"taxonomy":"post_tag","embeddable":true,"href":"https:\/\/areabadalona.com\/diario\/wp-json\/wp\/v2\/tags?post=4050"}],"curies":[{"name":"wp","href":"https:\/\/api.w.org\/{rel}","templated":true}]}}