{"id":4039,"date":"2022-09-06T08:59:05","date_gmt":"2022-09-06T08:59:05","guid":{"rendered":"https:\/\/areabadalona.com\/diario\/?p=4039"},"modified":"2022-09-06T08:59:06","modified_gmt":"2022-09-06T08:59:06","slug":"diada-nacional-de-catalunya-a-badalona","status":"publish","type":"post","link":"https:\/\/areabadalona.com\/diario\/2022\/09\/06\/diada-nacional-de-catalunya-a-badalona\/","title":{"rendered":"Diada Nacional de Catalunya a Badalona\u00a0"},"content":{"rendered":"\n<p>La pla\u00e7a de la Plana de Badalona ser\u00e0 l\u2019escenari, un any m\u00e9s, de l\u2019acte institucional de la Diada Nacional de Catalunya que es celebrar\u00e0 aquest diumenge, 11 de setembre, a partir de les 10.30 hores, i que consistir\u00e0 en la tradicional ofrena floral al mon\u00f2lit commemoratiu situat en aquesta pla\u00e7a per part de les entitats, particulars i de la corporaci\u00f3 municipal. Els assistents tamb\u00e9 podran contemplar el Ball de l\u2019\u00c0liga amb l\u2019acompanyament musical de l\u2019Ensemble de la Banda Simf\u00f2nica de Badalona i el pilar que far\u00e0 la Colla Castellers de Badalona.&nbsp;<\/p>\n\n\n\n<p>A partir de les 12 hores, la pla\u00e7a de La Plana acollir\u00e0 la Diada castellera que enguany comptar\u00e0 amb la participaci\u00f3 de les colles dels Castellers de Badalona, Castellers de Cornell\u00e0 i Castellers de Sagrada Fam\u00edlia.&nbsp;<\/p>\n","protected":false},"excerpt":{"rendered":"<p>La pla\u00e7a de la Plana de Badalona ser\u00e0 l\u2019escenari, un any m\u00e9s, de l\u2019acte institucional de la Diada Nacional de Catalunya que es celebrar\u00e0 aquest diumenge, 11 de setembre, a partir de les 10.30 hores, i que consistir\u00e0 en la tradicional ofrena floral al mon\u00f2lit commemoratiu situat en aquesta pla\u00e7a per part de les entitats, [&hellip;]<\/p>\n","protected":false},"author":2,"featured_media":4040,"comment_status":"open","ping_status":"open","sticky":false,"template":"","format":"standard","meta":{"footnotes":""},"categories":[23,25],"tags":[],"class_list":{"0":"post-4039","1":"post","2":"type-post","3":"status-publish","4":"format-standard","5":"has-post-thumbnail","7":"category-actualitat","8":"category-cultura"},"_links":{"self":[{"href":"https:\/\/areabadalona.com\/diario\/wp-json\/wp\/v2\/posts\/4039","targetHints":{"allow":["GET"]}}],"collection":[{"href":"https:\/\/areabadalona.com\/diario\/wp-json\/wp\/v2\/posts"}],"about":[{"href":"https:\/\/areabadalona.com\/diario\/wp-json\/wp\/v2\/types\/post"}],"author":[{"embeddable":true,"href":"https:\/\/areabadalona.com\/diario\/wp-json\/wp\/v2\/users\/2"}],"replies":[{"embeddable":true,"href":"https:\/\/areabadalona.com\/diario\/wp-json\/wp\/v2\/comments?post=4039"}],"version-history":[{"count":1,"href":"https:\/\/areabadalona.com\/diario\/wp-json\/wp\/v2\/posts\/4039\/revisions"}],"predecessor-version":[{"id":4041,"href":"https:\/\/areabadalona.com\/diario\/wp-json\/wp\/v2\/posts\/4039\/revisions\/4041"}],"wp:featuredmedia":[{"embeddable":true,"href":"https:\/\/areabadalona.com\/diario\/wp-json\/wp\/v2\/media\/4040"}],"wp:attachment":[{"href":"https:\/\/areabadalona.com\/diario\/wp-json\/wp\/v2\/media?parent=4039"}],"wp:term":[{"taxonomy":"category","embeddable":true,"href":"https:\/\/areabadalona.com\/diario\/wp-json\/wp\/v2\/categories?post=4039"},{"taxonomy":"post_tag","embeddable":true,"href":"https:\/\/areabadalona.com\/diario\/wp-json\/wp\/v2\/tags?post=4039"}],"curies":[{"name":"wp","href":"https:\/\/api.w.org\/{rel}","templated":true}]}}