{"id":4036,"date":"2022-09-02T08:09:52","date_gmt":"2022-09-02T08:09:52","guid":{"rendered":"https:\/\/areabadalona.com\/diario\/?p=4036"},"modified":"2022-09-02T08:09:53","modified_gmt":"2022-09-02T08:09:53","slug":"dotze-clubs-i-entitats-esportives-de-la-ciutat-disputaran-la-34a-copa-badalona-de-basquet-i-la-15a-edicio-de-la-copa-badalona-de-minibasquet","status":"publish","type":"post","link":"https:\/\/areabadalona.com\/diario\/2022\/09\/02\/dotze-clubs-i-entitats-esportives-de-la-ciutat-disputaran-la-34a-copa-badalona-de-basquet-i-la-15a-edicio-de-la-copa-badalona-de-minibasquet\/","title":{"rendered":"Dotze clubs i entitats esportives de la ciutat disputaran la 34a  Copa Badalona de B\u00e0squet i la 15a edici\u00f3 de la Copa Badalona de  Minib\u00e0squet\u00a0"},"content":{"rendered":"\n<p>Un total d\u2019onze clubs i entitats esportives de Badalona participaran en la 34a edici\u00f3 de la Copa Badalona de Basquetbol, i a la 15a Copa Badalona de Minib\u00e0squet.&nbsp;<\/p>\n\n\n\n<p>Aquesta nova edici\u00f3 de la Copa Badalona de B\u00e0squet, categoria s\u00e8nior masculina i femenina, tindr\u00e0 lloc els dies 8, 9, 10 i 11 de setembre als poliesportius municipals de la Plana; Casagemes-Albert Esteve; Pa\u00efsos Catalans i Llefi\u00e0. Les finals es disputaran el diumenge 11 de setembre en horari de tarda al poliesportiu de la Plana.&nbsp;<\/p>\n\n\n\n<p>La Copa Badalona de Minib\u00e0squet es disputar\u00e0 entre el dissabte 24 i 25 de setembre al poliesportiu de Montigal\u00e0.&nbsp;<\/p>\n\n\n\n<p>L\u2019acte de presentaci\u00f3 ha tingut lloc aquest dijous al Centre d\u2019activitats n\u00e0utiques del Port de Badalona, amb l\u2019assist\u00e8ncia de l\u2019alcalde de Badalona, Rub\u00e9n Guijarro; la 4a tinenta d\u2019Alcaldia i regidora de l\u2019\u00c0mbit de Territori, Habitatge, Esports i Salut, Teresa Gonz\u00e1lez; el president de la Federaci\u00f3 Catalana de B\u00e0squetbol (FCBQ), Ferran Aril; el president de l\u2019Associaci\u00f3 Badalona B\u00e0squet Base, Rosendo Gabara; el gerent de Marina Badalona, Imanol Sanz i els presidents dels clubs participants aix\u00ed com una representaci\u00f3 dels jugadors i les jugadores dels diferents clubs.&nbsp;<\/p>\n\n\n\n<p>La 34a Copa Badalona de B\u00e0squet compta amb la participaci\u00f3 de 9 equips femenins i 9 equips masculins. La 15a Copa Badalona de Minib\u00e0squet comptar\u00e0 amb la participaci\u00f3 de 8 equips femenins i 9 equips masculins.&nbsp;<\/p>\n\n\n\n<p>En aquestes edicions de les dues participen les entitats seg\u00fcents: l\u2019AE Sant Andreu de Natzaret; l\u2019AE Minguella; la Uni\u00f3 B\u00e0squet Llefi\u00e0; el C\u00edrcol Cat\u00f2lic de Badalona; el CB Sant Josep Badalona; l\u2019Associaci\u00f3 B\u00e0squet Bufal\u00e0\/ Associaci\u00f3 B\u00e0squet Badalona 2005; el Club Joventut Badalona; l\u2019AE Badalon\u00e8s; els Maristes Ademar; l\u2019AEE Col\u00b7legi Cultural; l\u2019AE Dosa Salesians i el Badalona B\u00e0squet Club.&nbsp;<\/p>\n\n\n\n<p>L&#8217;alcalde de Badalona, Rub\u00e9n Guijarro, ha ressaltat que \u00abla Copa de Badalona de B\u00e0squet reflecteix l&#8217;estreta i la profunda vinculaci\u00f3 de la nostra ciutat amb el b\u00e0squet, \u00e9s una competici\u00f3 que aplega una representaci\u00f3 \u00e0mplia i diversa dels clubs que vertebren i es troben arrelats als barris de Badalona\u00bb. En refer\u00e8ncia al fet que Badalona acollir\u00e0 el pr\u00f2xim mes de febrer la Copa del Rei de b\u00e0squet, l&#8217;alcalde ha afegit que: \u00abser\u00e0 una nova oportunitat per mostrar a tothom que la ciutat respira b\u00e0squet i que el vivim de manera molt intensa\u00bb.&nbsp;<\/p>\n\n\n\n<p><strong>Presentaci\u00f3 dels projectes executius de millora de sis poliesportius &nbsp;<\/strong><\/p>\n\n\n\n<p>En l\u2019acte de presentaci\u00f3 de la Copa de Badalona de B\u00e0squet, l\u2019alcalde Rub\u00e9n Guijarro davant dels representants de les entitats de b\u00e0squet ha anunciat&nbsp;que: \u201cuna vegada es va donar a con\u00e8ixer que la Copa del Rei tindr\u00e0 lloc a la ciutat, vam dir que serviria de punt d\u2019inflexi\u00f3 per a posar a punt les instal\u00b7lacions esportives. Estem en disposici\u00f3 de presentar aquest mateix mes de setembre els projectes executius que possibilitaran la reforma de sis poliesportius de la ciutat. D\u2019aquesta manera els nostres esportistes i les seves fam\u00edlies podran gaudir d\u2019unes instal\u00b7lacions de qualitat a l\u2019al\u00e7ada del nivell basquetbol\u00edstic que demostren any rere any\u201d.&nbsp;<\/p>\n","protected":false},"excerpt":{"rendered":"<p>Un total d\u2019onze clubs i entitats esportives de Badalona participaran en la 34a edici\u00f3 de la Copa Badalona de Basquetbol, i a la 15a Copa Badalona de Minib\u00e0squet.&nbsp; Aquesta nova edici\u00f3 de la Copa Badalona de B\u00e0squet, categoria s\u00e8nior masculina i femenina, tindr\u00e0 lloc els dies 8, 9, 10 i 11 de setembre als poliesportius [&hellip;]<\/p>\n","protected":false},"author":2,"featured_media":4037,"comment_status":"open","ping_status":"open","sticky":false,"template":"","format":"standard","meta":{"footnotes":""},"categories":[26],"tags":[],"class_list":{"0":"post-4036","1":"post","2":"type-post","3":"status-publish","4":"format-standard","5":"has-post-thumbnail","7":"category-esports"},"_links":{"self":[{"href":"https:\/\/areabadalona.com\/diario\/wp-json\/wp\/v2\/posts\/4036","targetHints":{"allow":["GET"]}}],"collection":[{"href":"https:\/\/areabadalona.com\/diario\/wp-json\/wp\/v2\/posts"}],"about":[{"href":"https:\/\/areabadalona.com\/diario\/wp-json\/wp\/v2\/types\/post"}],"author":[{"embeddable":true,"href":"https:\/\/areabadalona.com\/diario\/wp-json\/wp\/v2\/users\/2"}],"replies":[{"embeddable":true,"href":"https:\/\/areabadalona.com\/diario\/wp-json\/wp\/v2\/comments?post=4036"}],"version-history":[{"count":1,"href":"https:\/\/areabadalona.com\/diario\/wp-json\/wp\/v2\/posts\/4036\/revisions"}],"predecessor-version":[{"id":4038,"href":"https:\/\/areabadalona.com\/diario\/wp-json\/wp\/v2\/posts\/4036\/revisions\/4038"}],"wp:featuredmedia":[{"embeddable":true,"href":"https:\/\/areabadalona.com\/diario\/wp-json\/wp\/v2\/media\/4037"}],"wp:attachment":[{"href":"https:\/\/areabadalona.com\/diario\/wp-json\/wp\/v2\/media?parent=4036"}],"wp:term":[{"taxonomy":"category","embeddable":true,"href":"https:\/\/areabadalona.com\/diario\/wp-json\/wp\/v2\/categories?post=4036"},{"taxonomy":"post_tag","embeddable":true,"href":"https:\/\/areabadalona.com\/diario\/wp-json\/wp\/v2\/tags?post=4036"}],"curies":[{"name":"wp","href":"https:\/\/api.w.org\/{rel}","templated":true}]}}